{"id":981,"date":"2021-07-30T22:16:00","date_gmt":"2021-07-30T22:16:00","guid":{"rendered":"https:\/\/embajadahaiti.cl\/web\/?p=981"},"modified":"2022-01-19T00:08:29","modified_gmt":"2022-01-19T00:08:29","slug":"message-de-son-excellence-lambassadeur-wedlyne-francois-pierre-a-la-communaute-haitienne-residant-au-chili-concernant-les-casiers-judiciaires-ensemble-nous-sommes-plus-forts","status":"publish","type":"post","link":"https:\/\/embajadahaiti.cl\/web\/message-de-son-excellence-lambassadeur-wedlyne-francois-pierre-a-la-communaute-haitienne-residant-au-chili-concernant-les-casiers-judiciaires-ensemble-nous-sommes-plus-forts\/","title":{"rendered":"Message de Son Excellence l\u2019Ambassadeur Wedlyne Fran\u00e7ois Pierre \u00e0 la communaut\u00e9 ha\u00eftienne r\u00e9sidant au Chili, concernant les Casiers Judiciaires. Ensemble, nous sommes plus forts."},"content":{"rendered":"\n<div class=\"wp-block-columns is-layout-flex wp-container-core-columns-is-layout-9d6595d7 wp-block-columns-is-layout-flex\">\n<div class=\"wp-block-column is-layout-flow wp-block-column-is-layout-flow\">\n<h2 class=\"has-medium-font-size wp-block-heading\">Dans le cadre des efforts de l\u2019Ambassade pour faciliter la r\u00e9gularisation migratoire des compatriotes ha\u00eftiens au Chili, \u00e0 l\u2019initiative de l\u2019Ambassadeur, Wedlyne FRAN\u04aaOIS PIERRE, l\u2019Ambassade a eu une importante r\u00e9union avec les autorit\u00e9s chiliennes, le vendredi 30 juillet 2021.<br>L\u2019approche de la fin de la p\u00e9riode de r\u00e9gularisation extraordinaire, le renouvellement des Casiers Judiciaires pour les citoyens haitiens qui n\u2019ont pas quitt\u00e9 le territoire chilien, la possibilit\u00e9 de prorogation de passeport, le programme de regroupement familial, sont autant de points qui ont fait l\u2019objet de cettre rencontre.<\/h2>\n\n\n\n<h2 class=\"has-medium-font-size wp-block-heading\">L\u2019Ambassadeur FRAN\u04aaOIS renouvelle son engagement de poursuivre les discussions avec le Minist\u00e8re de l\u2019Int\u00e9rieur et la Police D\u2019investigation afin d\u2019envisager une am\u00e9lioration consid\u00e9rable dans le traitement des dossiers des ressortissants haitiens.<br><strong>La Mission ne manquera pas de tenir la communaut\u00e9 inform\u00e9e de l\u2019\u00e9volution des pourparlers en cours.<\/strong><\/h2>\n\n\n\n<p><\/p>\n<\/div>\n\n\n\n<div class=\"wp-block-column is-layout-flow wp-block-column-is-layout-flow\">\n<figure class=\"wp-block-video\"><video autoplay controls preload=\"none\" src=\"https:\/\/embajadahaiti.cl\/web\/wp-content\/uploads\/2021\/08\/video.MP4\" playsinline><\/video><\/figure>\n\n\n\n<figure class=\"wp-block-gallery columns-4 is-cropped wp-block-gallery-1 is-layout-flex wp-block-gallery-is-layout-flex\"><ul class=\"blocks-gallery-grid\"><li class=\"blocks-gallery-item\"><figure><a href=\"https:\/\/i0.wp.com\/embajadahaiti.cl\/web\/wp-content\/uploads\/2022\/01\/1.-150x150-1.jpg?ssl=1\"><img data-recalc-dims=\"1\" loading=\"lazy\" decoding=\"async\" width=\"150\" height=\"150\" data-attachment-id=\"982\" data-permalink=\"https:\/\/embajadahaiti.cl\/web\/message-de-son-excellence-lambassadeur-wedlyne-francois-pierre-a-la-communaute-haitienne-residant-au-chili-concernant-les-casiers-judiciaires-ensemble-nous-sommes-plus-forts\/1-150x150\/\" data-orig-file=\"https:\/\/i0.wp.com\/embajadahaiti.cl\/web\/wp-content\/uploads\/2022\/01\/1.-150x150-1.jpg?fit=150%2C150&amp;ssl=1\" data-orig-size=\"150,150\" data-comments-opened=\"0\" data-image-meta=\"{&quot;aperture&quot;:&quot;0&quot;,&quot;credit&quot;:&quot;&quot;,&quot;camera&quot;:&quot;&quot;,&quot;caption&quot;:&quot;&quot;,&quot;created_timestamp&quot;:&quot;0&quot;,&quot;copyright&quot;:&quot;&quot;,&quot;focal_length&quot;:&quot;0&quot;,&quot;iso&quot;:&quot;0&quot;,&quot;shutter_speed&quot;:&quot;0&quot;,&quot;title&quot;:&quot;&quot;,&quot;orientation&quot;:&quot;0&quot;}\" data-image-title=\"1.-150&amp;#215;150\" data-image-description=\"\" data-image-caption=\"\" data-medium-file=\"https:\/\/i0.wp.com\/embajadahaiti.cl\/web\/wp-content\/uploads\/2022\/01\/1.-150x150-1.jpg?fit=150%2C150&amp;ssl=1\" data-large-file=\"https:\/\/i0.wp.com\/embajadahaiti.cl\/web\/wp-content\/uploads\/2022\/01\/1.-150x150-1.jpg?fit=150%2C150&amp;ssl=1\" src=\"https:\/\/i0.wp.com\/embajadahaiti.cl\/web\/wp-content\/uploads\/2022\/01\/1.-150x150-1.jpg?resize=150%2C150&#038;ssl=1\" alt=\"\" data-id=\"982\" data-full-url=\"https:\/\/embajadahaiti.cl\/web\/wp-content\/uploads\/2022\/01\/1.-150x150-1.jpg\" data-link=\"https:\/\/embajadahaiti.cl\/web\/?attachment_id=982\" class=\"wp-image-982\" srcset=\"https:\/\/i0.wp.com\/embajadahaiti.cl\/web\/wp-content\/uploads\/2022\/01\/1.-150x150-1.jpg?w=150&amp;ssl=1 150w, https:\/\/i0.wp.com\/embajadahaiti.cl\/web\/wp-content\/uploads\/2022\/01\/1.-150x150-1.jpg?resize=146%2C146&amp;ssl=1 146w, https:\/\/i0.wp.com\/embajadahaiti.cl\/web\/wp-content\/uploads\/2022\/01\/1.-150x150-1.jpg?resize=50%2C50&amp;ssl=1 50w, https:\/\/i0.wp.com\/embajadahaiti.cl\/web\/wp-content\/uploads\/2022\/01\/1.-150x150-1.jpg?resize=75%2C75&amp;ssl=1 75w, https:\/\/i0.wp.com\/embajadahaiti.cl\/web\/wp-content\/uploads\/2022\/01\/1.-150x150-1.jpg?resize=85%2C85&amp;ssl=1 85w, https:\/\/i0.wp.com\/embajadahaiti.cl\/web\/wp-content\/uploads\/2022\/01\/1.-150x150-1.jpg?resize=80%2C80&amp;ssl=1 80w\" sizes=\"auto, (max-width:767px) 150px, 150px\" \/><\/a><\/figure><\/li><li class=\"blocks-gallery-item\"><figure><a href=\"https:\/\/i0.wp.com\/embajadahaiti.cl\/web\/wp-content\/uploads\/2022\/01\/2.-150x150-1.jpg?ssl=1\"><img data-recalc-dims=\"1\" loading=\"lazy\" decoding=\"async\" width=\"150\" height=\"150\" data-attachment-id=\"983\" data-permalink=\"https:\/\/embajadahaiti.cl\/web\/message-de-son-excellence-lambassadeur-wedlyne-francois-pierre-a-la-communaute-haitienne-residant-au-chili-concernant-les-casiers-judiciaires-ensemble-nous-sommes-plus-forts\/2-150x150\/\" data-orig-file=\"https:\/\/i0.wp.com\/embajadahaiti.cl\/web\/wp-content\/uploads\/2022\/01\/2.-150x150-1.jpg?fit=150%2C150&amp;ssl=1\" data-orig-size=\"150,150\" data-comments-opened=\"0\" data-image-meta=\"{&quot;aperture&quot;:&quot;0&quot;,&quot;credit&quot;:&quot;&quot;,&quot;camera&quot;:&quot;&quot;,&quot;caption&quot;:&quot;&quot;,&quot;created_timestamp&quot;:&quot;0&quot;,&quot;copyright&quot;:&quot;&quot;,&quot;focal_length&quot;:&quot;0&quot;,&quot;iso&quot;:&quot;0&quot;,&quot;shutter_speed&quot;:&quot;0&quot;,&quot;title&quot;:&quot;&quot;,&quot;orientation&quot;:&quot;0&quot;}\" data-image-title=\"2.-150&amp;#215;150\" data-image-description=\"\" data-image-caption=\"\" data-medium-file=\"https:\/\/i0.wp.com\/embajadahaiti.cl\/web\/wp-content\/uploads\/2022\/01\/2.-150x150-1.jpg?fit=150%2C150&amp;ssl=1\" data-large-file=\"https:\/\/i0.wp.com\/embajadahaiti.cl\/web\/wp-content\/uploads\/2022\/01\/2.-150x150-1.jpg?fit=150%2C150&amp;ssl=1\" src=\"https:\/\/i0.wp.com\/embajadahaiti.cl\/web\/wp-content\/uploads\/2022\/01\/2.-150x150-1.jpg?resize=150%2C150&#038;ssl=1\" alt=\"\" data-id=\"983\" data-full-url=\"https:\/\/embajadahaiti.cl\/web\/wp-content\/uploads\/2022\/01\/2.-150x150-1.jpg\" data-link=\"https:\/\/embajadahaiti.cl\/web\/?attachment_id=983\" class=\"wp-image-983\" srcset=\"https:\/\/i0.wp.com\/embajadahaiti.cl\/web\/wp-content\/uploads\/2022\/01\/2.-150x150-1.jpg?w=150&amp;ssl=1 150w, https:\/\/i0.wp.com\/embajadahaiti.cl\/web\/wp-content\/uploads\/2022\/01\/2.-150x150-1.jpg?resize=146%2C146&amp;ssl=1 146w, https:\/\/i0.wp.com\/embajadahaiti.cl\/web\/wp-content\/uploads\/2022\/01\/2.-150x150-1.jpg?resize=50%2C50&amp;ssl=1 50w, https:\/\/i0.wp.com\/embajadahaiti.cl\/web\/wp-content\/uploads\/2022\/01\/2.-150x150-1.jpg?resize=75%2C75&amp;ssl=1 75w, https:\/\/i0.wp.com\/embajadahaiti.cl\/web\/wp-content\/uploads\/2022\/01\/2.-150x150-1.jpg?resize=85%2C85&amp;ssl=1 85w, https:\/\/i0.wp.com\/embajadahaiti.cl\/web\/wp-content\/uploads\/2022\/01\/2.-150x150-1.jpg?resize=80%2C80&amp;ssl=1 80w\" sizes=\"auto, (max-width:767px) 150px, 150px\" \/><\/a><\/figure><\/li><li class=\"blocks-gallery-item\"><figure><a href=\"https:\/\/i0.wp.com\/embajadahaiti.cl\/web\/wp-content\/uploads\/2022\/01\/3.-150x150-1.jpg?ssl=1\"><img data-recalc-dims=\"1\" loading=\"lazy\" decoding=\"async\" width=\"150\" height=\"150\" data-attachment-id=\"984\" data-permalink=\"https:\/\/embajadahaiti.cl\/web\/message-de-son-excellence-lambassadeur-wedlyne-francois-pierre-a-la-communaute-haitienne-residant-au-chili-concernant-les-casiers-judiciaires-ensemble-nous-sommes-plus-forts\/3-150x150\/\" data-orig-file=\"https:\/\/i0.wp.com\/embajadahaiti.cl\/web\/wp-content\/uploads\/2022\/01\/3.-150x150-1.jpg?fit=150%2C150&amp;ssl=1\" data-orig-size=\"150,150\" data-comments-opened=\"0\" data-image-meta=\"{&quot;aperture&quot;:&quot;0&quot;,&quot;credit&quot;:&quot;&quot;,&quot;camera&quot;:&quot;&quot;,&quot;caption&quot;:&quot;&quot;,&quot;created_timestamp&quot;:&quot;0&quot;,&quot;copyright&quot;:&quot;&quot;,&quot;focal_length&quot;:&quot;0&quot;,&quot;iso&quot;:&quot;0&quot;,&quot;shutter_speed&quot;:&quot;0&quot;,&quot;title&quot;:&quot;&quot;,&quot;orientation&quot;:&quot;0&quot;}\" data-image-title=\"3.-150&amp;#215;150\" data-image-description=\"\" data-image-caption=\"\" data-medium-file=\"https:\/\/i0.wp.com\/embajadahaiti.cl\/web\/wp-content\/uploads\/2022\/01\/3.-150x150-1.jpg?fit=150%2C150&amp;ssl=1\" data-large-file=\"https:\/\/i0.wp.com\/embajadahaiti.cl\/web\/wp-content\/uploads\/2022\/01\/3.-150x150-1.jpg?fit=150%2C150&amp;ssl=1\" src=\"https:\/\/i0.wp.com\/embajadahaiti.cl\/web\/wp-content\/uploads\/2022\/01\/3.-150x150-1.jpg?resize=150%2C150&#038;ssl=1\" alt=\"\" data-id=\"984\" data-full-url=\"https:\/\/embajadahaiti.cl\/web\/wp-content\/uploads\/2022\/01\/3.-150x150-1.jpg\" data-link=\"https:\/\/embajadahaiti.cl\/web\/?attachment_id=984\" class=\"wp-image-984\" srcset=\"https:\/\/i0.wp.com\/embajadahaiti.cl\/web\/wp-content\/uploads\/2022\/01\/3.-150x150-1.jpg?w=150&amp;ssl=1 150w, https:\/\/i0.wp.com\/embajadahaiti.cl\/web\/wp-content\/uploads\/2022\/01\/3.-150x150-1.jpg?resize=146%2C146&amp;ssl=1 146w, https:\/\/i0.wp.com\/embajadahaiti.cl\/web\/wp-content\/uploads\/2022\/01\/3.-150x150-1.jpg?resize=50%2C50&amp;ssl=1 50w, https:\/\/i0.wp.com\/embajadahaiti.cl\/web\/wp-content\/uploads\/2022\/01\/3.-150x150-1.jpg?resize=75%2C75&amp;ssl=1 75w, https:\/\/i0.wp.com\/embajadahaiti.cl\/web\/wp-content\/uploads\/2022\/01\/3.-150x150-1.jpg?resize=85%2C85&amp;ssl=1 85w, https:\/\/i0.wp.com\/embajadahaiti.cl\/web\/wp-content\/uploads\/2022\/01\/3.-150x150-1.jpg?resize=80%2C80&amp;ssl=1 80w\" sizes=\"auto, (max-width:767px) 150px, 150px\" \/><\/a><\/figure><\/li><li class=\"blocks-gallery-item\"><figure><a href=\"https:\/\/i0.wp.com\/embajadahaiti.cl\/web\/wp-content\/uploads\/2022\/01\/4.-150x150-1.jpg?ssl=1\"><img data-recalc-dims=\"1\" loading=\"lazy\" decoding=\"async\" width=\"150\" height=\"150\" data-attachment-id=\"985\" data-permalink=\"https:\/\/embajadahaiti.cl\/web\/message-de-son-excellence-lambassadeur-wedlyne-francois-pierre-a-la-communaute-haitienne-residant-au-chili-concernant-les-casiers-judiciaires-ensemble-nous-sommes-plus-forts\/4-150x150\/\" data-orig-file=\"https:\/\/i0.wp.com\/embajadahaiti.cl\/web\/wp-content\/uploads\/2022\/01\/4.-150x150-1.jpg?fit=150%2C150&amp;ssl=1\" data-orig-size=\"150,150\" data-comments-opened=\"0\" data-image-meta=\"{&quot;aperture&quot;:&quot;0&quot;,&quot;credit&quot;:&quot;&quot;,&quot;camera&quot;:&quot;&quot;,&quot;caption&quot;:&quot;&quot;,&quot;created_timestamp&quot;:&quot;0&quot;,&quot;copyright&quot;:&quot;&quot;,&quot;focal_length&quot;:&quot;0&quot;,&quot;iso&quot;:&quot;0&quot;,&quot;shutter_speed&quot;:&quot;0&quot;,&quot;title&quot;:&quot;&quot;,&quot;orientation&quot;:&quot;0&quot;}\" data-image-title=\"4.-150&amp;#215;150\" data-image-description=\"\" data-image-caption=\"\" data-medium-file=\"https:\/\/i0.wp.com\/embajadahaiti.cl\/web\/wp-content\/uploads\/2022\/01\/4.-150x150-1.jpg?fit=150%2C150&amp;ssl=1\" data-large-file=\"https:\/\/i0.wp.com\/embajadahaiti.cl\/web\/wp-content\/uploads\/2022\/01\/4.-150x150-1.jpg?fit=150%2C150&amp;ssl=1\" src=\"https:\/\/i0.wp.com\/embajadahaiti.cl\/web\/wp-content\/uploads\/2022\/01\/4.-150x150-1.jpg?resize=150%2C150&#038;ssl=1\" alt=\"\" data-id=\"985\" data-full-url=\"https:\/\/embajadahaiti.cl\/web\/wp-content\/uploads\/2022\/01\/4.-150x150-1.jpg\" data-link=\"https:\/\/embajadahaiti.cl\/web\/?attachment_id=985\" class=\"wp-image-985\" srcset=\"https:\/\/i0.wp.com\/embajadahaiti.cl\/web\/wp-content\/uploads\/2022\/01\/4.-150x150-1.jpg?w=150&amp;ssl=1 150w, https:\/\/i0.wp.com\/embajadahaiti.cl\/web\/wp-content\/uploads\/2022\/01\/4.-150x150-1.jpg?resize=146%2C146&amp;ssl=1 146w, https:\/\/i0.wp.com\/embajadahaiti.cl\/web\/wp-content\/uploads\/2022\/01\/4.-150x150-1.jpg?resize=50%2C50&amp;ssl=1 50w, https:\/\/i0.wp.com\/embajadahaiti.cl\/web\/wp-content\/uploads\/2022\/01\/4.-150x150-1.jpg?resize=75%2C75&amp;ssl=1 75w, https:\/\/i0.wp.com\/embajadahaiti.cl\/web\/wp-content\/uploads\/2022\/01\/4.-150x150-1.jpg?resize=85%2C85&amp;ssl=1 85w, https:\/\/i0.wp.com\/embajadahaiti.cl\/web\/wp-content\/uploads\/2022\/01\/4.-150x150-1.jpg?resize=80%2C80&amp;ssl=1 80w\" sizes=\"auto, (max-width:767px) 150px, 150px\" \/><\/a><\/figure><\/li><li class=\"blocks-gallery-item\"><figure><a href=\"https:\/\/i0.wp.com\/embajadahaiti.cl\/web\/wp-content\/uploads\/2022\/01\/5.-150x150-1.jpg?ssl=1\"><img data-recalc-dims=\"1\" loading=\"lazy\" decoding=\"async\" width=\"150\" height=\"150\" data-attachment-id=\"986\" data-permalink=\"https:\/\/embajadahaiti.cl\/web\/message-de-son-excellence-lambassadeur-wedlyne-francois-pierre-a-la-communaute-haitienne-residant-au-chili-concernant-les-casiers-judiciaires-ensemble-nous-sommes-plus-forts\/5-150x150\/\" data-orig-file=\"https:\/\/i0.wp.com\/embajadahaiti.cl\/web\/wp-content\/uploads\/2022\/01\/5.-150x150-1.jpg?fit=150%2C150&amp;ssl=1\" data-orig-size=\"150,150\" data-comments-opened=\"0\" data-image-meta=\"{&quot;aperture&quot;:&quot;0&quot;,&quot;credit&quot;:&quot;&quot;,&quot;camera&quot;:&quot;&quot;,&quot;caption&quot;:&quot;&quot;,&quot;created_timestamp&quot;:&quot;0&quot;,&quot;copyright&quot;:&quot;&quot;,&quot;focal_length&quot;:&quot;0&quot;,&quot;iso&quot;:&quot;0&quot;,&quot;shutter_speed&quot;:&quot;0&quot;,&quot;title&quot;:&quot;&quot;,&quot;orientation&quot;:&quot;0&quot;}\" data-image-title=\"5.-150&amp;#215;150\" data-image-description=\"\" data-image-caption=\"\" data-medium-file=\"https:\/\/i0.wp.com\/embajadahaiti.cl\/web\/wp-content\/uploads\/2022\/01\/5.-150x150-1.jpg?fit=150%2C150&amp;ssl=1\" data-large-file=\"https:\/\/i0.wp.com\/embajadahaiti.cl\/web\/wp-content\/uploads\/2022\/01\/5.-150x150-1.jpg?fit=150%2C150&amp;ssl=1\" src=\"https:\/\/i0.wp.com\/embajadahaiti.cl\/web\/wp-content\/uploads\/2022\/01\/5.-150x150-1.jpg?resize=150%2C150&#038;ssl=1\" alt=\"\" data-id=\"986\" data-full-url=\"https:\/\/embajadahaiti.cl\/web\/wp-content\/uploads\/2022\/01\/5.-150x150-1.jpg\" data-link=\"https:\/\/embajadahaiti.cl\/web\/?attachment_id=986\" class=\"wp-image-986\" srcset=\"https:\/\/i0.wp.com\/embajadahaiti.cl\/web\/wp-content\/uploads\/2022\/01\/5.-150x150-1.jpg?w=150&amp;ssl=1 150w, https:\/\/i0.wp.com\/embajadahaiti.cl\/web\/wp-content\/uploads\/2022\/01\/5.-150x150-1.jpg?resize=146%2C146&amp;ssl=1 146w, https:\/\/i0.wp.com\/embajadahaiti.cl\/web\/wp-content\/uploads\/2022\/01\/5.-150x150-1.jpg?resize=50%2C50&amp;ssl=1 50w, https:\/\/i0.wp.com\/embajadahaiti.cl\/web\/wp-content\/uploads\/2022\/01\/5.-150x150-1.jpg?resize=75%2C75&amp;ssl=1 75w, https:\/\/i0.wp.com\/embajadahaiti.cl\/web\/wp-content\/uploads\/2022\/01\/5.-150x150-1.jpg?resize=85%2C85&amp;ssl=1 85w, https:\/\/i0.wp.com\/embajadahaiti.cl\/web\/wp-content\/uploads\/2022\/01\/5.-150x150-1.jpg?resize=80%2C80&amp;ssl=1 80w\" sizes=\"auto, (max-width:767px) 150px, 150px\" \/><\/a><\/figure><\/li><li class=\"blocks-gallery-item\"><figure><a href=\"https:\/\/i0.wp.com\/embajadahaiti.cl\/web\/wp-content\/uploads\/2022\/01\/6.-150x150-1.jpg?ssl=1\"><img data-recalc-dims=\"1\" loading=\"lazy\" decoding=\"async\" width=\"150\" height=\"150\" data-attachment-id=\"987\" data-permalink=\"https:\/\/embajadahaiti.cl\/web\/message-de-son-excellence-lambassadeur-wedlyne-francois-pierre-a-la-communaute-haitienne-residant-au-chili-concernant-les-casiers-judiciaires-ensemble-nous-sommes-plus-forts\/6-150x150\/\" data-orig-file=\"https:\/\/i0.wp.com\/embajadahaiti.cl\/web\/wp-content\/uploads\/2022\/01\/6.-150x150-1.jpg?fit=150%2C150&amp;ssl=1\" data-orig-size=\"150,150\" data-comments-opened=\"0\" data-image-meta=\"{&quot;aperture&quot;:&quot;0&quot;,&quot;credit&quot;:&quot;&quot;,&quot;camera&quot;:&quot;&quot;,&quot;caption&quot;:&quot;&quot;,&quot;created_timestamp&quot;:&quot;0&quot;,&quot;copyright&quot;:&quot;&quot;,&quot;focal_length&quot;:&quot;0&quot;,&quot;iso&quot;:&quot;0&quot;,&quot;shutter_speed&quot;:&quot;0&quot;,&quot;title&quot;:&quot;&quot;,&quot;orientation&quot;:&quot;0&quot;}\" data-image-title=\"6.-150&amp;#215;150\" data-image-description=\"\" data-image-caption=\"\" data-medium-file=\"https:\/\/i0.wp.com\/embajadahaiti.cl\/web\/wp-content\/uploads\/2022\/01\/6.-150x150-1.jpg?fit=150%2C150&amp;ssl=1\" data-large-file=\"https:\/\/i0.wp.com\/embajadahaiti.cl\/web\/wp-content\/uploads\/2022\/01\/6.-150x150-1.jpg?fit=150%2C150&amp;ssl=1\" src=\"https:\/\/i0.wp.com\/embajadahaiti.cl\/web\/wp-content\/uploads\/2022\/01\/6.-150x150-1.jpg?resize=150%2C150&#038;ssl=1\" alt=\"\" data-id=\"987\" data-full-url=\"https:\/\/embajadahaiti.cl\/web\/wp-content\/uploads\/2022\/01\/6.-150x150-1.jpg\" data-link=\"https:\/\/embajadahaiti.cl\/web\/?attachment_id=987\" class=\"wp-image-987\" srcset=\"https:\/\/i0.wp.com\/embajadahaiti.cl\/web\/wp-content\/uploads\/2022\/01\/6.-150x150-1.jpg?w=150&amp;ssl=1 150w, https:\/\/i0.wp.com\/embajadahaiti.cl\/web\/wp-content\/uploads\/2022\/01\/6.-150x150-1.jpg?resize=146%2C146&amp;ssl=1 146w, https:\/\/i0.wp.com\/embajadahaiti.cl\/web\/wp-content\/uploads\/2022\/01\/6.-150x150-1.jpg?resize=50%2C50&amp;ssl=1 50w, https:\/\/i0.wp.com\/embajadahaiti.cl\/web\/wp-content\/uploads\/2022\/01\/6.-150x150-1.jpg?resize=75%2C75&amp;ssl=1 75w, https:\/\/i0.wp.com\/embajadahaiti.cl\/web\/wp-content\/uploads\/2022\/01\/6.-150x150-1.jpg?resize=85%2C85&amp;ssl=1 85w, https:\/\/i0.wp.com\/embajadahaiti.cl\/web\/wp-content\/uploads\/2022\/01\/6.-150x150-1.jpg?resize=80%2C80&amp;ssl=1 80w\" sizes=\"auto, (max-width:767px) 150px, 150px\" \/><\/a><\/figure><\/li><li class=\"blocks-gallery-item\"><figure><a href=\"https:\/\/i0.wp.com\/embajadahaiti.cl\/web\/wp-content\/uploads\/2022\/01\/7.-150x150-1.jpg?ssl=1\"><img data-recalc-dims=\"1\" loading=\"lazy\" decoding=\"async\" width=\"150\" height=\"150\" data-attachment-id=\"988\" data-permalink=\"https:\/\/embajadahaiti.cl\/web\/message-de-son-excellence-lambassadeur-wedlyne-francois-pierre-a-la-communaute-haitienne-residant-au-chili-concernant-les-casiers-judiciaires-ensemble-nous-sommes-plus-forts\/7-150x150\/\" data-orig-file=\"https:\/\/i0.wp.com\/embajadahaiti.cl\/web\/wp-content\/uploads\/2022\/01\/7.-150x150-1.jpg?fit=150%2C150&amp;ssl=1\" data-orig-size=\"150,150\" data-comments-opened=\"0\" data-image-meta=\"{&quot;aperture&quot;:&quot;0&quot;,&quot;credit&quot;:&quot;&quot;,&quot;camera&quot;:&quot;&quot;,&quot;caption&quot;:&quot;&quot;,&quot;created_timestamp&quot;:&quot;0&quot;,&quot;copyright&quot;:&quot;&quot;,&quot;focal_length&quot;:&quot;0&quot;,&quot;iso&quot;:&quot;0&quot;,&quot;shutter_speed&quot;:&quot;0&quot;,&quot;title&quot;:&quot;&quot;,&quot;orientation&quot;:&quot;0&quot;}\" data-image-title=\"7.-150&amp;#215;150\" data-image-description=\"\" data-image-caption=\"\" data-medium-file=\"https:\/\/i0.wp.com\/embajadahaiti.cl\/web\/wp-content\/uploads\/2022\/01\/7.-150x150-1.jpg?fit=150%2C150&amp;ssl=1\" data-large-file=\"https:\/\/i0.wp.com\/embajadahaiti.cl\/web\/wp-content\/uploads\/2022\/01\/7.-150x150-1.jpg?fit=150%2C150&amp;ssl=1\" src=\"https:\/\/i0.wp.com\/embajadahaiti.cl\/web\/wp-content\/uploads\/2022\/01\/7.-150x150-1.jpg?resize=150%2C150&#038;ssl=1\" alt=\"\" data-id=\"988\" data-full-url=\"https:\/\/embajadahaiti.cl\/web\/wp-content\/uploads\/2022\/01\/7.-150x150-1.jpg\" data-link=\"https:\/\/embajadahaiti.cl\/web\/?attachment_id=988\" class=\"wp-image-988\" srcset=\"https:\/\/i0.wp.com\/embajadahaiti.cl\/web\/wp-content\/uploads\/2022\/01\/7.-150x150-1.jpg?w=150&amp;ssl=1 150w, https:\/\/i0.wp.com\/embajadahaiti.cl\/web\/wp-content\/uploads\/2022\/01\/7.-150x150-1.jpg?resize=146%2C146&amp;ssl=1 146w, https:\/\/i0.wp.com\/embajadahaiti.cl\/web\/wp-content\/uploads\/2022\/01\/7.-150x150-1.jpg?resize=50%2C50&amp;ssl=1 50w, https:\/\/i0.wp.com\/embajadahaiti.cl\/web\/wp-content\/uploads\/2022\/01\/7.-150x150-1.jpg?resize=75%2C75&amp;ssl=1 75w, https:\/\/i0.wp.com\/embajadahaiti.cl\/web\/wp-content\/uploads\/2022\/01\/7.-150x150-1.jpg?resize=85%2C85&amp;ssl=1 85w, https:\/\/i0.wp.com\/embajadahaiti.cl\/web\/wp-content\/uploads\/2022\/01\/7.-150x150-1.jpg?resize=80%2C80&amp;ssl=1 80w\" sizes=\"auto, (max-width:767px) 150px, 150px\" \/><\/a><\/figure><\/li><\/ul><\/figure>\n<\/div>\n<\/div>\n","protected":false},"excerpt":{"rendered":"<p>Dans le cadre des efforts de l\u2019Ambassade pour faciliter la r\u00e9gularisation migratoire des compatriotes ha\u00eftiens au Chili, \u00e0 l\u2019initiative de l\u2019Ambassadeur, Wedlyne FRAN\u04aaOIS PIERRE, l\u2019Ambassade a<span class=\"excerpt-hellip\"> [\u2026]<\/span><\/p>\n","protected":false},"author":1,"featured_media":727,"comment_status":"closed","ping_status":"closed","sticky":false,"template":"","format":"standard","meta":{"_jetpack_memberships_contains_paid_content":false,"footnotes":""},"categories":[91],"tags":[],"class_list":["post-981","post","type-post","status-publish","format-standard","has-post-thumbnail","hentry","category-haiti"],"jetpack_featured_media_url":"https:\/\/i0.wp.com\/embajadahaiti.cl\/web\/wp-content\/uploads\/2021\/08\/3..jpg?fit=960%2C456&ssl=1","jetpack_sharing_enabled":true,"_links":{"self":[{"href":"https:\/\/embajadahaiti.cl\/web\/wp-json\/wp\/v2\/posts\/981","targetHints":{"allow":["GET"]}}],"collection":[{"href":"https:\/\/embajadahaiti.cl\/web\/wp-json\/wp\/v2\/posts"}],"about":[{"href":"https:\/\/embajadahaiti.cl\/web\/wp-json\/wp\/v2\/types\/post"}],"author":[{"embeddable":true,"href":"https:\/\/embajadahaiti.cl\/web\/wp-json\/wp\/v2\/users\/1"}],"replies":[{"embeddable":true,"href":"https:\/\/embajadahaiti.cl\/web\/wp-json\/wp\/v2\/comments?post=981"}],"version-history":[{"count":3,"href":"https:\/\/embajadahaiti.cl\/web\/wp-json\/wp\/v2\/posts\/981\/revisions"}],"predecessor-version":[{"id":1063,"href":"https:\/\/embajadahaiti.cl\/web\/wp-json\/wp\/v2\/posts\/981\/revisions\/1063"}],"wp:featuredmedia":[{"embeddable":true,"href":"https:\/\/embajadahaiti.cl\/web\/wp-json\/wp\/v2\/media\/727"}],"wp:attachment":[{"href":"https:\/\/embajadahaiti.cl\/web\/wp-json\/wp\/v2\/media?parent=981"}],"wp:term":[{"taxonomy":"category","embeddable":true,"href":"https:\/\/embajadahaiti.cl\/web\/wp-json\/wp\/v2\/categories?post=981"},{"taxonomy":"post_tag","embeddable":true,"href":"https:\/\/embajadahaiti.cl\/web\/wp-json\/wp\/v2\/tags?post=981"}],"curies":[{"name":"wp","href":"https:\/\/api.w.org\/{rel}","templated":true}]}}