{"id":943,"date":"2021-06-19T23:12:00","date_gmt":"2021-06-19T23:12:00","guid":{"rendered":"https:\/\/embajadahaiti.cl\/web\/?p=943"},"modified":"2022-01-18T23:47:15","modified_gmt":"2022-01-18T23:47:15","slug":"anbasad-ayiti-nan-chili-a-pra-l-pi-pre-konpatriyot-k-ap-viv-iquique-yo","status":"publish","type":"post","link":"https:\/\/embajadahaiti.cl\/web\/anbasad-ayiti-nan-chili-a-pra-l-pi-pre-konpatriyot-k-ap-viv-iquique-yo\/","title":{"rendered":"Anbasad Ayiti nan Chili a pra l pi pre Konpatriy\u00f2t k ap viv Iquique yo"},"content":{"rendered":"\n<div class=\"wp-block-columns is-layout-flex wp-container-core-columns-is-layout-9d6595d7 wp-block-columns-is-layout-flex\">\n<div class=\"wp-block-column is-layout-flow wp-block-column-is-layout-flow\">\n<h2 class=\"has-medium-font-size wp-block-heading\">Les 19 et 20 novembre 2021,&nbsp;le programme \u201c&nbsp;Anbasad&nbsp;la vin&nbsp;pri&nbsp;pre&nbsp;w\u201d \u00e9tait \u00e0 Iquique. De nombreux citoyens ha\u00eftiens vivant dans le nord du Chili, particuli\u00e8rement dans la r\u00e9gion de Tarapaca ont pu b\u00e9n\u00e9ficier&nbsp;des services consulaires dans le cadre de ce programme.&nbsp;<\/h2>\n\n\n\n<p><a href=\"https:\/\/www.facebook.com\/hashtag\/anbasadlavinpiprew?__eep__=6&amp;__cft__[0]=AZWZU9WRGe-8TrMZobsonAjRbcnwzegxoi3TwUloTrMJRbj8gf52kS6oCc3xGZ2y07RCro_ehGdEq67pSBzaEoLxVknk_uvR79dTe4dgVgIhF4AR36wb8NLlia6f09bzvpv0otWFAE5PDNISWygkEcuODMt9pehs5wrAEfq6OSgshSpnHoqoEfeHJwYeFVj3Fjc&amp;__tn__=*NK-R\" rel=\"noreferrer noopener\" target=\"_blank\">#Anbasadlavinpiprew<\/a>&nbsp;<\/p>\n\n\n\n<p><a href=\"https:\/\/www.facebook.com\/hashtag\/ansanmnappif%C3%B2?__eep__=6&amp;__cft__[0]=AZWZU9WRGe-8TrMZobsonAjRbcnwzegxoi3TwUloTrMJRbj8gf52kS6oCc3xGZ2y07RCro_ehGdEq67pSBzaEoLxVknk_uvR79dTe4dgVgIhF4AR36wb8NLlia6f09bzvpv0otWFAE5PDNISWygkEcuODMt9pehs5wrAEfq6OSgshSpnHoqoEfeHJwYeFVj3Fjc&amp;__tn__=*NK-R\" rel=\"noreferrer noopener\" target=\"_blank\">#Ansanmnappif\u00f2<\/a>&nbsp;<\/p>\n<\/div>\n\n\n\n<div class=\"wp-block-column is-layout-flow wp-block-column-is-layout-flow\">\n<figure class=\"wp-block-gallery columns-2 is-cropped wp-block-gallery-1 is-layout-flex wp-block-gallery-is-layout-flex\"><ul class=\"blocks-gallery-grid\"><li class=\"blocks-gallery-item\"><figure><a href=\"https:\/\/i0.wp.com\/embajadahaiti.cl\/web\/wp-content\/uploads\/2021\/11\/Iquique-1-1.jpg?ssl=1\"><img data-recalc-dims=\"1\" loading=\"lazy\" decoding=\"async\" width=\"1220\" height=\"1220\" data-attachment-id=\"948\" data-permalink=\"https:\/\/embajadahaiti.cl\/web\/anbasad-ayiti-nan-chili-a-pra-l-pi-pre-konpatriyot-k-ap-viv-iquique-yo\/iquique-1-1\/\" data-orig-file=\"https:\/\/i0.wp.com\/embajadahaiti.cl\/web\/wp-content\/uploads\/2021\/11\/Iquique-1-1.jpg?fit=1600%2C1600&amp;ssl=1\" data-orig-size=\"1600,1600\" data-comments-opened=\"0\" data-image-meta=\"{&quot;aperture&quot;:&quot;0&quot;,&quot;credit&quot;:&quot;&quot;,&quot;camera&quot;:&quot;&quot;,&quot;caption&quot;:&quot;&quot;,&quot;created_timestamp&quot;:&quot;0&quot;,&quot;copyright&quot;:&quot;&quot;,&quot;focal_length&quot;:&quot;0&quot;,&quot;iso&quot;:&quot;0&quot;,&quot;shutter_speed&quot;:&quot;0&quot;,&quot;title&quot;:&quot;&quot;,&quot;orientation&quot;:&quot;0&quot;}\" data-image-title=\"Iquique-1-1\" data-image-description=\"\" data-image-caption=\"\" data-medium-file=\"https:\/\/i0.wp.com\/embajadahaiti.cl\/web\/wp-content\/uploads\/2021\/11\/Iquique-1-1.jpg?fit=300%2C300&amp;ssl=1\" data-large-file=\"https:\/\/i0.wp.com\/embajadahaiti.cl\/web\/wp-content\/uploads\/2021\/11\/Iquique-1-1.jpg?fit=1024%2C1024&amp;ssl=1\" src=\"https:\/\/i0.wp.com\/embajadahaiti.cl\/web\/wp-content\/uploads\/2021\/11\/Iquique-1-1.jpg?resize=1220%2C1220&#038;ssl=1\" alt=\"\" data-id=\"948\" data-full-url=\"https:\/\/embajadahaiti.cl\/web\/wp-content\/uploads\/2021\/11\/Iquique-1-1.jpg\" data-link=\"https:\/\/embajadahaiti.cl\/web\/?attachment_id=948\" class=\"wp-image-948\" srcset=\"https:\/\/i0.wp.com\/embajadahaiti.cl\/web\/wp-content\/uploads\/2021\/11\/Iquique-1-1.jpg?w=1600&amp;ssl=1 1600w, https:\/\/i0.wp.com\/embajadahaiti.cl\/web\/wp-content\/uploads\/2021\/11\/Iquique-1-1.jpg?resize=300%2C300&amp;ssl=1 300w, https:\/\/i0.wp.com\/embajadahaiti.cl\/web\/wp-content\/uploads\/2021\/11\/Iquique-1-1.jpg?resize=1024%2C1024&amp;ssl=1 1024w, https:\/\/i0.wp.com\/embajadahaiti.cl\/web\/wp-content\/uploads\/2021\/11\/Iquique-1-1.jpg?resize=150%2C150&amp;ssl=1 150w, https:\/\/i0.wp.com\/embajadahaiti.cl\/web\/wp-content\/uploads\/2021\/11\/Iquique-1-1.jpg?resize=768%2C768&amp;ssl=1 768w, https:\/\/i0.wp.com\/embajadahaiti.cl\/web\/wp-content\/uploads\/2021\/11\/Iquique-1-1.jpg?resize=1536%2C1536&amp;ssl=1 1536w, https:\/\/i0.wp.com\/embajadahaiti.cl\/web\/wp-content\/uploads\/2021\/11\/Iquique-1-1.jpg?resize=146%2C146&amp;ssl=1 146w, https:\/\/i0.wp.com\/embajadahaiti.cl\/web\/wp-content\/uploads\/2021\/11\/Iquique-1-1.jpg?resize=50%2C50&amp;ssl=1 50w, https:\/\/i0.wp.com\/embajadahaiti.cl\/web\/wp-content\/uploads\/2021\/11\/Iquique-1-1.jpg?resize=75%2C75&amp;ssl=1 75w, https:\/\/i0.wp.com\/embajadahaiti.cl\/web\/wp-content\/uploads\/2021\/11\/Iquique-1-1.jpg?resize=85%2C85&amp;ssl=1 85w, https:\/\/i0.wp.com\/embajadahaiti.cl\/web\/wp-content\/uploads\/2021\/11\/Iquique-1-1.jpg?resize=80%2C80&amp;ssl=1 80w\" sizes=\"auto, (max-width:767px) 480px, (max-width:1600px) 100vw, 1600px\" \/><\/a><\/figure><\/li><li class=\"blocks-gallery-item\"><figure><a href=\"https:\/\/i0.wp.com\/embajadahaiti.cl\/web\/wp-content\/uploads\/2021\/11\/iquique-2.jpg?ssl=1\"><img data-recalc-dims=\"1\" loading=\"lazy\" decoding=\"async\" width=\"1220\" height=\"1058\" data-attachment-id=\"949\" data-permalink=\"https:\/\/embajadahaiti.cl\/web\/anbasad-ayiti-nan-chili-a-pra-l-pi-pre-konpatriyot-k-ap-viv-iquique-yo\/iquique-2\/\" data-orig-file=\"https:\/\/i0.wp.com\/embajadahaiti.cl\/web\/wp-content\/uploads\/2021\/11\/iquique-2.jpg?fit=1284%2C1113&amp;ssl=1\" data-orig-size=\"1284,1113\" data-comments-opened=\"0\" data-image-meta=\"{&quot;aperture&quot;:&quot;0&quot;,&quot;credit&quot;:&quot;&quot;,&quot;camera&quot;:&quot;&quot;,&quot;caption&quot;:&quot;&quot;,&quot;created_timestamp&quot;:&quot;0&quot;,&quot;copyright&quot;:&quot;&quot;,&quot;focal_length&quot;:&quot;0&quot;,&quot;iso&quot;:&quot;0&quot;,&quot;shutter_speed&quot;:&quot;0&quot;,&quot;title&quot;:&quot;&quot;,&quot;orientation&quot;:&quot;0&quot;}\" data-image-title=\"iquique-2\" data-image-description=\"\" data-image-caption=\"\" data-medium-file=\"https:\/\/i0.wp.com\/embajadahaiti.cl\/web\/wp-content\/uploads\/2021\/11\/iquique-2.jpg?fit=300%2C260&amp;ssl=1\" data-large-file=\"https:\/\/i0.wp.com\/embajadahaiti.cl\/web\/wp-content\/uploads\/2021\/11\/iquique-2.jpg?fit=1024%2C888&amp;ssl=1\" src=\"https:\/\/i0.wp.com\/embajadahaiti.cl\/web\/wp-content\/uploads\/2021\/11\/iquique-2.jpg?resize=1220%2C1058&#038;ssl=1\" alt=\"\" data-id=\"949\" data-full-url=\"https:\/\/embajadahaiti.cl\/web\/wp-content\/uploads\/2021\/11\/iquique-2.jpg\" data-link=\"https:\/\/embajadahaiti.cl\/web\/?attachment_id=949\" class=\"wp-image-949\" srcset=\"https:\/\/i0.wp.com\/embajadahaiti.cl\/web\/wp-content\/uploads\/2021\/11\/iquique-2.jpg?w=1284&amp;ssl=1 1284w, https:\/\/i0.wp.com\/embajadahaiti.cl\/web\/wp-content\/uploads\/2021\/11\/iquique-2.jpg?resize=300%2C260&amp;ssl=1 300w, https:\/\/i0.wp.com\/embajadahaiti.cl\/web\/wp-content\/uploads\/2021\/11\/iquique-2.jpg?resize=1024%2C888&amp;ssl=1 1024w, https:\/\/i0.wp.com\/embajadahaiti.cl\/web\/wp-content\/uploads\/2021\/11\/iquique-2.jpg?resize=768%2C666&amp;ssl=1 768w, https:\/\/i0.wp.com\/embajadahaiti.cl\/web\/wp-content\/uploads\/2021\/11\/iquique-2.jpg?resize=168%2C146&amp;ssl=1 168w, https:\/\/i0.wp.com\/embajadahaiti.cl\/web\/wp-content\/uploads\/2021\/11\/iquique-2.jpg?resize=50%2C43&amp;ssl=1 50w, https:\/\/i0.wp.com\/embajadahaiti.cl\/web\/wp-content\/uploads\/2021\/11\/iquique-2.jpg?resize=87%2C75&amp;ssl=1 87w\" sizes=\"auto, (max-width:767px) 480px, (max-width:1284px) 100vw, 1284px\" \/><\/a><\/figure><\/li><\/ul><\/figure>\n<\/div>\n<\/div>\n\n\n\n<p><\/p>\n","protected":false},"excerpt":{"rendered":"<p>Les 19 et 20 novembre 2021,&nbsp;le programme \u201c&nbsp;Anbasad&nbsp;la vin&nbsp;pri&nbsp;pre&nbsp;w\u201d \u00e9tait \u00e0 Iquique. De nombreux citoyens ha\u00eftiens vivant dans le nord du Chili, particuli\u00e8rement dans la r\u00e9gion<span class=\"excerpt-hellip\"> [\u2026]<\/span><\/p>\n","protected":false},"author":1,"featured_media":947,"comment_status":"closed","ping_status":"closed","sticky":false,"template":"","format":"standard","meta":{"_jetpack_memberships_contains_paid_content":false,"footnotes":""},"categories":[91],"tags":[],"class_list":["post-943","post","type-post","status-publish","format-standard","has-post-thumbnail","hentry","category-haiti"],"jetpack_featured_media_url":"https:\/\/i0.wp.com\/embajadahaiti.cl\/web\/wp-content\/uploads\/2021\/11\/Iquique-1.jpg?fit=1600%2C1600&ssl=1","jetpack_sharing_enabled":true,"_links":{"self":[{"href":"https:\/\/embajadahaiti.cl\/web\/wp-json\/wp\/v2\/posts\/943","targetHints":{"allow":["GET"]}}],"collection":[{"href":"https:\/\/embajadahaiti.cl\/web\/wp-json\/wp\/v2\/posts"}],"about":[{"href":"https:\/\/embajadahaiti.cl\/web\/wp-json\/wp\/v2\/types\/post"}],"author":[{"embeddable":true,"href":"https:\/\/embajadahaiti.cl\/web\/wp-json\/wp\/v2\/users\/1"}],"replies":[{"embeddable":true,"href":"https:\/\/embajadahaiti.cl\/web\/wp-json\/wp\/v2\/comments?post=943"}],"version-history":[{"count":3,"href":"https:\/\/embajadahaiti.cl\/web\/wp-json\/wp\/v2\/posts\/943\/revisions"}],"predecessor-version":[{"id":1037,"href":"https:\/\/embajadahaiti.cl\/web\/wp-json\/wp\/v2\/posts\/943\/revisions\/1037"}],"wp:featuredmedia":[{"embeddable":true,"href":"https:\/\/embajadahaiti.cl\/web\/wp-json\/wp\/v2\/media\/947"}],"wp:attachment":[{"href":"https:\/\/embajadahaiti.cl\/web\/wp-json\/wp\/v2\/media?parent=943"}],"wp:term":[{"taxonomy":"category","embeddable":true,"href":"https:\/\/embajadahaiti.cl\/web\/wp-json\/wp\/v2\/categories?post=943"},{"taxonomy":"post_tag","embeddable":true,"href":"https:\/\/embajadahaiti.cl\/web\/wp-json\/wp\/v2\/tags?post=943"}],"curies":[{"name":"wp","href":"https:\/\/api.w.org\/{rel}","templated":true}]}}