{"id":641,"date":"2021-05-22T23:30:00","date_gmt":"2021-05-22T23:30:00","guid":{"rendered":"https:\/\/embajadahaiti.cl\/web\/?p=641"},"modified":"2022-01-19T00:19:07","modified_gmt":"2022-01-19T00:19:07","slug":"anbasade-ayiti-nan-chili-a-s-e-m-wedlyne-francois-pierre","status":"publish","type":"post","link":"https:\/\/embajadahaiti.cl\/web\/anbasade-ayiti-nan-chili-a-s-e-m-wedlyne-francois-pierre\/","title":{"rendered":"Anbasad\u00e8 Ayiti nan Chili a, S. E.M. Wedlyne Fran\u00e7ois Pierre"},"content":{"rendered":"\n<div class=\"wp-block-columns is-layout-flex wp-container-core-columns-is-layout-9d6595d7 wp-block-columns-is-layout-flex\">\n<div class=\"wp-block-column is-layout-flow wp-block-column-is-layout-flow\">\n<p class=\"has-medium-font-size\">#LATEPOST<\/p>\n\n\n\n<h2 class=\"has-medium-font-size wp-block-heading\">Vandredi 21 me 2021 an, soti 11 z\u00e8 nan maten pou rive 9 \u00e8 nan asw\u00e8, Anbasad\u00e8 Ayiti nan Chili a, S. E.M. Wedlyne Fran\u00e7ois Pierre, te f\u00e8 yon twazy\u00e8m seyans travay ak l\u00f2t diplomat yo ki akredite nan misyon sila, sou diferan pwobl\u00e8m kominote Ayisy\u00e8n nan Chili a ap konfwonte.<\/h2>\n\n\n\n<p><\/p>\n<\/div>\n\n\n\n<div class=\"wp-block-column is-layout-flow wp-block-column-is-layout-flow\">\n<figure class=\"wp-block-gallery columns-1 is-cropped wp-block-gallery-1 is-layout-flex wp-block-gallery-is-layout-flex\"><ul class=\"blocks-gallery-grid\"><li class=\"blocks-gallery-item\"><figure><a href=\"https:\/\/i0.wp.com\/embajadahaiti.cl\/web\/wp-content\/uploads\/2021\/07\/Imagen-9.jpg?ssl=1\"><img data-recalc-dims=\"1\" loading=\"lazy\" decoding=\"async\" width=\"1220\" height=\"1554\" data-attachment-id=\"642\" data-permalink=\"https:\/\/embajadahaiti.cl\/web\/anbasade-ayiti-nan-chili-a-s-e-m-wedlyne-francois-pierre\/imagen-9\/\" data-orig-file=\"https:\/\/i0.wp.com\/embajadahaiti.cl\/web\/wp-content\/uploads\/2021\/07\/Imagen-9.jpg?fit=1353%2C1723&amp;ssl=1\" data-orig-size=\"1353,1723\" data-comments-opened=\"0\" data-image-meta=\"{&quot;aperture&quot;:&quot;0&quot;,&quot;credit&quot;:&quot;&quot;,&quot;camera&quot;:&quot;&quot;,&quot;caption&quot;:&quot;&quot;,&quot;created_timestamp&quot;:&quot;0&quot;,&quot;copyright&quot;:&quot;&quot;,&quot;focal_length&quot;:&quot;0&quot;,&quot;iso&quot;:&quot;0&quot;,&quot;shutter_speed&quot;:&quot;0&quot;,&quot;title&quot;:&quot;&quot;,&quot;orientation&quot;:&quot;0&quot;}\" data-image-title=\"Imagen-9\" data-image-description=\"\" data-image-caption=\"\" data-medium-file=\"https:\/\/i0.wp.com\/embajadahaiti.cl\/web\/wp-content\/uploads\/2021\/07\/Imagen-9.jpg?fit=236%2C300&amp;ssl=1\" data-large-file=\"https:\/\/i0.wp.com\/embajadahaiti.cl\/web\/wp-content\/uploads\/2021\/07\/Imagen-9.jpg?fit=804%2C1024&amp;ssl=1\" src=\"https:\/\/i0.wp.com\/embajadahaiti.cl\/web\/wp-content\/uploads\/2021\/07\/Imagen-9.jpg?resize=1220%2C1554&#038;ssl=1\" alt=\"\" data-id=\"642\" data-full-url=\"https:\/\/embajadahaiti.cl\/web\/wp-content\/uploads\/2021\/07\/Imagen-9.jpg\" data-link=\"https:\/\/embajadahaiti.cl\/web\/?attachment_id=642\" class=\"wp-image-642\" srcset=\"https:\/\/i0.wp.com\/embajadahaiti.cl\/web\/wp-content\/uploads\/2021\/07\/Imagen-9.jpg?w=1353&amp;ssl=1 1353w, https:\/\/i0.wp.com\/embajadahaiti.cl\/web\/wp-content\/uploads\/2021\/07\/Imagen-9.jpg?resize=236%2C300&amp;ssl=1 236w, https:\/\/i0.wp.com\/embajadahaiti.cl\/web\/wp-content\/uploads\/2021\/07\/Imagen-9.jpg?resize=804%2C1024&amp;ssl=1 804w, https:\/\/i0.wp.com\/embajadahaiti.cl\/web\/wp-content\/uploads\/2021\/07\/Imagen-9.jpg?resize=768%2C978&amp;ssl=1 768w, https:\/\/i0.wp.com\/embajadahaiti.cl\/web\/wp-content\/uploads\/2021\/07\/Imagen-9.jpg?resize=1206%2C1536&amp;ssl=1 1206w, https:\/\/i0.wp.com\/embajadahaiti.cl\/web\/wp-content\/uploads\/2021\/07\/Imagen-9.jpg?resize=115%2C146&amp;ssl=1 115w, https:\/\/i0.wp.com\/embajadahaiti.cl\/web\/wp-content\/uploads\/2021\/07\/Imagen-9.jpg?resize=39%2C50&amp;ssl=1 39w, https:\/\/i0.wp.com\/embajadahaiti.cl\/web\/wp-content\/uploads\/2021\/07\/Imagen-9.jpg?resize=59%2C75&amp;ssl=1 59w\" sizes=\"auto, (max-width:767px) 480px, (max-width:1353px) 100vw, 1353px\" \/><\/a><\/figure><\/li><\/ul><\/figure>\n<\/div>\n<\/div>\n\n\n\n<p><\/p>\n","protected":false},"excerpt":{"rendered":"<p>#LATEPOST Vandredi 21 me 2021 an, soti 11 z\u00e8 nan maten pou rive 9 \u00e8 nan asw\u00e8, Anbasad\u00e8 Ayiti nan Chili a, S. E.M. Wedlyne Fran\u00e7ois<span class=\"excerpt-hellip\"> [\u2026]<\/span><\/p>\n","protected":false},"author":1,"featured_media":643,"comment_status":"closed","ping_status":"closed","sticky":false,"template":"","format":"standard","meta":{"_jetpack_memberships_contains_paid_content":false,"footnotes":""},"categories":[91],"tags":[],"class_list":["post-641","post","type-post","status-publish","format-standard","has-post-thumbnail","hentry","category-haiti"],"jetpack_featured_media_url":"https:\/\/i0.wp.com\/embajadahaiti.cl\/web\/wp-content\/uploads\/2021\/07\/Captura-de-Pantalla-2021-07-01-a-las-19.29.38.png?fit=378%2C173&ssl=1","jetpack_sharing_enabled":true,"_links":{"self":[{"href":"https:\/\/embajadahaiti.cl\/web\/wp-json\/wp\/v2\/posts\/641","targetHints":{"allow":["GET"]}}],"collection":[{"href":"https:\/\/embajadahaiti.cl\/web\/wp-json\/wp\/v2\/posts"}],"about":[{"href":"https:\/\/embajadahaiti.cl\/web\/wp-json\/wp\/v2\/types\/post"}],"author":[{"embeddable":true,"href":"https:\/\/embajadahaiti.cl\/web\/wp-json\/wp\/v2\/users\/1"}],"replies":[{"embeddable":true,"href":"https:\/\/embajadahaiti.cl\/web\/wp-json\/wp\/v2\/comments?post=641"}],"version-history":[{"count":2,"href":"https:\/\/embajadahaiti.cl\/web\/wp-json\/wp\/v2\/posts\/641\/revisions"}],"predecessor-version":[{"id":1072,"href":"https:\/\/embajadahaiti.cl\/web\/wp-json\/wp\/v2\/posts\/641\/revisions\/1072"}],"wp:featuredmedia":[{"embeddable":true,"href":"https:\/\/embajadahaiti.cl\/web\/wp-json\/wp\/v2\/media\/643"}],"wp:attachment":[{"href":"https:\/\/embajadahaiti.cl\/web\/wp-json\/wp\/v2\/media?parent=641"}],"wp:term":[{"taxonomy":"category","embeddable":true,"href":"https:\/\/embajadahaiti.cl\/web\/wp-json\/wp\/v2\/categories?post=641"},{"taxonomy":"post_tag","embeddable":true,"href":"https:\/\/embajadahaiti.cl\/web\/wp-json\/wp\/v2\/tags?post=641"}],"curies":[{"name":"wp","href":"https:\/\/api.w.org\/{rel}","templated":true}]}}