{"id":625,"date":"2021-06-04T23:21:00","date_gmt":"2021-06-04T23:21:00","guid":{"rendered":"https:\/\/embajadahaiti.cl\/web\/?p=625"},"modified":"2022-01-19T00:23:51","modified_gmt":"2022-01-19T00:23:51","slug":"vandredi-4-jen-2021-an-s-e-m-wedlyne-francois-pierre","status":"publish","type":"post","link":"https:\/\/embajadahaiti.cl\/web\/vandredi-4-jen-2021-an-s-e-m-wedlyne-francois-pierre\/","title":{"rendered":"Vandredi 4 jen 2021 an, S.E.M. Wedlyne FRAN\u00c7OIS PIERRE"},"content":{"rendered":"\n<div class=\"wp-block-columns is-layout-flex wp-container-core-columns-is-layout-9d6595d7 wp-block-columns-is-layout-flex\">\n<div class=\"wp-block-column is-layout-flow wp-block-column-is-layout-flow\">\n<h2 class=\"wp-block-heading\">#LATEPOST<\/h2>\n\n\n\n<h2 class=\"has-medium-font-size wp-block-heading\">Vandredi 4 jen 2021 an, S.E.M. Wedlyne FRAN\u00c7OIS PIERRE rem\u00e8t bay Prezidan Chili a, S.E.M. Miguel Juan Sebasti\u00e1n PI\u00d1ERA, l\u00e8t kreyans ki akredite l k\u00f2m Anbasad\u00e8 Ekstra\u00f2din\u00e8 plenipotansy\u00e8 Repiblik Ayiti nan Chili.<\/h2>\n<\/div>\n\n\n\n<div class=\"wp-block-column is-layout-flow wp-block-column-is-layout-flow\">\n<figure class=\"wp-block-gallery columns-1 is-cropped wp-block-gallery-1 is-layout-flex wp-block-gallery-is-layout-flex\"><ul class=\"blocks-gallery-grid\"><li class=\"blocks-gallery-item\"><figure><a href=\"https:\/\/i0.wp.com\/embajadahaiti.cl\/web\/wp-content\/uploads\/2021\/07\/Imagen-5-1.jpg?ssl=1\"><img data-recalc-dims=\"1\" loading=\"lazy\" decoding=\"async\" width=\"1220\" height=\"1554\" data-attachment-id=\"626\" data-permalink=\"https:\/\/embajadahaiti.cl\/web\/vandredi-4-jen-2021-an-s-e-m-wedlyne-francois-pierre\/imagen-5-1\/\" data-orig-file=\"https:\/\/i0.wp.com\/embajadahaiti.cl\/web\/wp-content\/uploads\/2021\/07\/Imagen-5-1.jpg?fit=1353%2C1723&amp;ssl=1\" data-orig-size=\"1353,1723\" data-comments-opened=\"0\" data-image-meta=\"{&quot;aperture&quot;:&quot;0&quot;,&quot;credit&quot;:&quot;&quot;,&quot;camera&quot;:&quot;&quot;,&quot;caption&quot;:&quot;&quot;,&quot;created_timestamp&quot;:&quot;0&quot;,&quot;copyright&quot;:&quot;&quot;,&quot;focal_length&quot;:&quot;0&quot;,&quot;iso&quot;:&quot;0&quot;,&quot;shutter_speed&quot;:&quot;0&quot;,&quot;title&quot;:&quot;&quot;,&quot;orientation&quot;:&quot;0&quot;}\" data-image-title=\"Imagen-5-1\" data-image-description=\"\" data-image-caption=\"\" data-medium-file=\"https:\/\/i0.wp.com\/embajadahaiti.cl\/web\/wp-content\/uploads\/2021\/07\/Imagen-5-1.jpg?fit=236%2C300&amp;ssl=1\" data-large-file=\"https:\/\/i0.wp.com\/embajadahaiti.cl\/web\/wp-content\/uploads\/2021\/07\/Imagen-5-1.jpg?fit=804%2C1024&amp;ssl=1\" src=\"https:\/\/i0.wp.com\/embajadahaiti.cl\/web\/wp-content\/uploads\/2021\/07\/Imagen-5-1.jpg?resize=1220%2C1554&#038;ssl=1\" alt=\"\" data-id=\"626\" data-full-url=\"https:\/\/embajadahaiti.cl\/web\/wp-content\/uploads\/2021\/07\/Imagen-5-1.jpg\" data-link=\"https:\/\/embajadahaiti.cl\/web\/?attachment_id=626\" class=\"wp-image-626\" srcset=\"https:\/\/i0.wp.com\/embajadahaiti.cl\/web\/wp-content\/uploads\/2021\/07\/Imagen-5-1.jpg?w=1353&amp;ssl=1 1353w, https:\/\/i0.wp.com\/embajadahaiti.cl\/web\/wp-content\/uploads\/2021\/07\/Imagen-5-1.jpg?resize=236%2C300&amp;ssl=1 236w, https:\/\/i0.wp.com\/embajadahaiti.cl\/web\/wp-content\/uploads\/2021\/07\/Imagen-5-1.jpg?resize=804%2C1024&amp;ssl=1 804w, https:\/\/i0.wp.com\/embajadahaiti.cl\/web\/wp-content\/uploads\/2021\/07\/Imagen-5-1.jpg?resize=768%2C978&amp;ssl=1 768w, https:\/\/i0.wp.com\/embajadahaiti.cl\/web\/wp-content\/uploads\/2021\/07\/Imagen-5-1.jpg?resize=1206%2C1536&amp;ssl=1 1206w, https:\/\/i0.wp.com\/embajadahaiti.cl\/web\/wp-content\/uploads\/2021\/07\/Imagen-5-1.jpg?resize=115%2C146&amp;ssl=1 115w, https:\/\/i0.wp.com\/embajadahaiti.cl\/web\/wp-content\/uploads\/2021\/07\/Imagen-5-1.jpg?resize=39%2C50&amp;ssl=1 39w, https:\/\/i0.wp.com\/embajadahaiti.cl\/web\/wp-content\/uploads\/2021\/07\/Imagen-5-1.jpg?resize=59%2C75&amp;ssl=1 59w\" sizes=\"auto, (max-width:767px) 480px, (max-width:1353px) 100vw, 1353px\" \/><\/a><\/figure><\/li><\/ul><\/figure>\n<\/div>\n<\/div>\n\n\n\n<p><\/p>\n","protected":false},"excerpt":{"rendered":"<p>#LATEPOST Vandredi 4 jen 2021 an, S.E.M. Wedlyne FRAN\u00c7OIS PIERRE rem\u00e8t bay Prezidan Chili a, S.E.M. Miguel Juan Sebasti\u00e1n PI\u00d1ERA, l\u00e8t kreyans ki akredite l k\u00f2m<span class=\"excerpt-hellip\"> [\u2026]<\/span><\/p>\n","protected":false},"author":1,"featured_media":627,"comment_status":"closed","ping_status":"closed","sticky":false,"template":"","format":"standard","meta":{"_jetpack_memberships_contains_paid_content":false,"footnotes":""},"categories":[91],"tags":[],"class_list":["post-625","post","type-post","status-publish","format-standard","has-post-thumbnail","hentry","category-haiti"],"jetpack_featured_media_url":"https:\/\/i0.wp.com\/embajadahaiti.cl\/web\/wp-content\/uploads\/2021\/07\/Captura-de-Pantalla-2021-07-01-a-las-19.20.21.png?fit=380%2C249&ssl=1","jetpack_sharing_enabled":true,"_links":{"self":[{"href":"https:\/\/embajadahaiti.cl\/web\/wp-json\/wp\/v2\/posts\/625","targetHints":{"allow":["GET"]}}],"collection":[{"href":"https:\/\/embajadahaiti.cl\/web\/wp-json\/wp\/v2\/posts"}],"about":[{"href":"https:\/\/embajadahaiti.cl\/web\/wp-json\/wp\/v2\/types\/post"}],"author":[{"embeddable":true,"href":"https:\/\/embajadahaiti.cl\/web\/wp-json\/wp\/v2\/users\/1"}],"replies":[{"embeddable":true,"href":"https:\/\/embajadahaiti.cl\/web\/wp-json\/wp\/v2\/comments?post=625"}],"version-history":[{"count":2,"href":"https:\/\/embajadahaiti.cl\/web\/wp-json\/wp\/v2\/posts\/625\/revisions"}],"predecessor-version":[{"id":1079,"href":"https:\/\/embajadahaiti.cl\/web\/wp-json\/wp\/v2\/posts\/625\/revisions\/1079"}],"wp:featuredmedia":[{"embeddable":true,"href":"https:\/\/embajadahaiti.cl\/web\/wp-json\/wp\/v2\/media\/627"}],"wp:attachment":[{"href":"https:\/\/embajadahaiti.cl\/web\/wp-json\/wp\/v2\/media?parent=625"}],"wp:term":[{"taxonomy":"category","embeddable":true,"href":"https:\/\/embajadahaiti.cl\/web\/wp-json\/wp\/v2\/categories?post=625"},{"taxonomy":"post_tag","embeddable":true,"href":"https:\/\/embajadahaiti.cl\/web\/wp-json\/wp\/v2\/tags?post=625"}],"curies":[{"name":"wp","href":"https:\/\/api.w.org\/{rel}","templated":true}]}}