{"id":598,"date":"2021-07-01T20:47:42","date_gmt":"2021-07-01T20:47:42","guid":{"rendered":"https:\/\/embajadahaiti.cl\/web\/?p=598"},"modified":"2022-01-19T00:29:50","modified_gmt":"2022-01-19T00:29:50","slug":"reunion-soutenue-a-lambassade-dhaiti-a-washington","status":"publish","type":"post","link":"https:\/\/embajadahaiti.cl\/web\/reunion-soutenue-a-lambassade-dhaiti-a-washington\/","title":{"rendered":"R\u00e9union soutenue \u00e0 l\u2019Ambassade d\u2019Ha\u00efti \u00e0 Washington"},"content":{"rendered":"\n<div class=\"wp-block-columns is-layout-flex wp-container-core-columns-is-layout-9d6595d7 wp-block-columns-is-layout-flex\">\n<div class=\"wp-block-column is-layout-flow wp-block-column-is-layout-flow\">\n<h2 class=\"has-medium-font-size wp-block-heading\">Nan sousi pou jwenn yon solisyon ki ka ede Ayisyen k ap viv Chili yo jwenn pasp\u00f2 yo nan yon d\u00e8le ki pi kout, Anbasad\u00e8 Wedlyne FRAN\u00c7OIS rankontre Anbasad\u00e8 Ayiti nan Washington nan, S.E. M. Bocchit EDMOND ak yon delegasyon ki gen nan t\u00e8t li Direkt\u00e8 Jeneral Minist\u00e8 Af\u00e8 Etranj\u00e8 a, M. Sam BEAUSOLEIL, Direktris Af\u00e8 konsil\u00e8 menm Minist\u00e8 sa a, Mme Sterline CIVIL ak yon konseye nan Anbasad la, Mme Garly JOSEPH.<br>Anbasad\u00e8 a te tou pwofite f\u00e8 ti pale ak seksyon ki enprime pasp\u00f2 yo nan misyon sa epi esplike nesesite ki genyen pou konpatriy\u00f2t nou yo gen pasp\u00f2 yo valid, yon fason pou yo ka reponn ak egzijans migratwa peyi Chili f\u00e8 yo.<\/h2>\n\n\n\n<p><\/p>\n<\/div>\n\n\n\n<div class=\"wp-block-column is-layout-flow wp-block-column-is-layout-flow\">\n<figure class=\"wp-block-gallery columns-2 is-cropped wp-block-gallery-1 is-layout-flex wp-block-gallery-is-layout-flex\"><ul class=\"blocks-gallery-grid\"><li class=\"blocks-gallery-item\"><figure><a href=\"https:\/\/i0.wp.com\/embajadahaiti.cl\/web\/wp-content\/uploads\/2021\/07\/Imagen-2.jpg?ssl=1\"><img data-recalc-dims=\"1\" loading=\"lazy\" decoding=\"async\" width=\"442\" height=\"331\" data-attachment-id=\"600\" data-permalink=\"https:\/\/embajadahaiti.cl\/web\/reunion-soutenue-a-lambassade-dhaiti-a-washington\/imagen-2\/\" data-orig-file=\"https:\/\/i0.wp.com\/embajadahaiti.cl\/web\/wp-content\/uploads\/2021\/07\/Imagen-2.jpg?fit=442%2C331&amp;ssl=1\" data-orig-size=\"442,331\" data-comments-opened=\"0\" data-image-meta=\"{&quot;aperture&quot;:&quot;0&quot;,&quot;credit&quot;:&quot;&quot;,&quot;camera&quot;:&quot;&quot;,&quot;caption&quot;:&quot;&quot;,&quot;created_timestamp&quot;:&quot;0&quot;,&quot;copyright&quot;:&quot;&quot;,&quot;focal_length&quot;:&quot;0&quot;,&quot;iso&quot;:&quot;0&quot;,&quot;shutter_speed&quot;:&quot;0&quot;,&quot;title&quot;:&quot;&quot;,&quot;orientation&quot;:&quot;0&quot;}\" data-image-title=\"Imagen-2\" data-image-description=\"\" data-image-caption=\"\" data-medium-file=\"https:\/\/i0.wp.com\/embajadahaiti.cl\/web\/wp-content\/uploads\/2021\/07\/Imagen-2.jpg?fit=300%2C225&amp;ssl=1\" data-large-file=\"https:\/\/i0.wp.com\/embajadahaiti.cl\/web\/wp-content\/uploads\/2021\/07\/Imagen-2.jpg?fit=442%2C331&amp;ssl=1\" src=\"https:\/\/i0.wp.com\/embajadahaiti.cl\/web\/wp-content\/uploads\/2021\/07\/Imagen-2.jpg?resize=442%2C331&#038;ssl=1\" alt=\"\" data-id=\"600\" data-link=\"https:\/\/embajadahaiti.cl\/web\/?attachment_id=600\" class=\"wp-image-600\" srcset=\"https:\/\/i0.wp.com\/embajadahaiti.cl\/web\/wp-content\/uploads\/2021\/07\/Imagen-2.jpg?w=442&amp;ssl=1 442w, https:\/\/i0.wp.com\/embajadahaiti.cl\/web\/wp-content\/uploads\/2021\/07\/Imagen-2.jpg?resize=300%2C225&amp;ssl=1 300w, https:\/\/i0.wp.com\/embajadahaiti.cl\/web\/wp-content\/uploads\/2021\/07\/Imagen-2.jpg?resize=195%2C146&amp;ssl=1 195w, https:\/\/i0.wp.com\/embajadahaiti.cl\/web\/wp-content\/uploads\/2021\/07\/Imagen-2.jpg?resize=50%2C37&amp;ssl=1 50w, https:\/\/i0.wp.com\/embajadahaiti.cl\/web\/wp-content\/uploads\/2021\/07\/Imagen-2.jpg?resize=100%2C75&amp;ssl=1 100w\" sizes=\"auto, (max-width:767px) 442px, 442px\" \/><\/a><\/figure><\/li><li class=\"blocks-gallery-item\"><figure><a href=\"https:\/\/i0.wp.com\/embajadahaiti.cl\/web\/wp-content\/uploads\/2021\/07\/Imagen-1-1.jpg?ssl=1\"><img data-recalc-dims=\"1\" loading=\"lazy\" decoding=\"async\" width=\"442\" height=\"331\" data-attachment-id=\"603\" data-permalink=\"https:\/\/embajadahaiti.cl\/web\/reunion-soutenue-a-lambassade-dhaiti-a-washington\/imagen-1-1\/\" data-orig-file=\"https:\/\/i0.wp.com\/embajadahaiti.cl\/web\/wp-content\/uploads\/2021\/07\/Imagen-1-1.jpg?fit=442%2C331&amp;ssl=1\" data-orig-size=\"442,331\" data-comments-opened=\"0\" data-image-meta=\"{&quot;aperture&quot;:&quot;0&quot;,&quot;credit&quot;:&quot;&quot;,&quot;camera&quot;:&quot;&quot;,&quot;caption&quot;:&quot;&quot;,&quot;created_timestamp&quot;:&quot;0&quot;,&quot;copyright&quot;:&quot;&quot;,&quot;focal_length&quot;:&quot;0&quot;,&quot;iso&quot;:&quot;0&quot;,&quot;shutter_speed&quot;:&quot;0&quot;,&quot;title&quot;:&quot;&quot;,&quot;orientation&quot;:&quot;0&quot;}\" data-image-title=\"Imagen-1-1\" data-image-description=\"\" data-image-caption=\"\" data-medium-file=\"https:\/\/i0.wp.com\/embajadahaiti.cl\/web\/wp-content\/uploads\/2021\/07\/Imagen-1-1.jpg?fit=300%2C225&amp;ssl=1\" data-large-file=\"https:\/\/i0.wp.com\/embajadahaiti.cl\/web\/wp-content\/uploads\/2021\/07\/Imagen-1-1.jpg?fit=442%2C331&amp;ssl=1\" src=\"https:\/\/i0.wp.com\/embajadahaiti.cl\/web\/wp-content\/uploads\/2021\/07\/Imagen-1-1.jpg?resize=442%2C331&#038;ssl=1\" alt=\"\" data-id=\"603\" data-link=\"https:\/\/embajadahaiti.cl\/web\/?attachment_id=603\" class=\"wp-image-603\" srcset=\"https:\/\/i0.wp.com\/embajadahaiti.cl\/web\/wp-content\/uploads\/2021\/07\/Imagen-1-1.jpg?w=442&amp;ssl=1 442w, https:\/\/i0.wp.com\/embajadahaiti.cl\/web\/wp-content\/uploads\/2021\/07\/Imagen-1-1.jpg?resize=300%2C225&amp;ssl=1 300w, https:\/\/i0.wp.com\/embajadahaiti.cl\/web\/wp-content\/uploads\/2021\/07\/Imagen-1-1.jpg?resize=195%2C146&amp;ssl=1 195w, https:\/\/i0.wp.com\/embajadahaiti.cl\/web\/wp-content\/uploads\/2021\/07\/Imagen-1-1.jpg?resize=50%2C37&amp;ssl=1 50w, https:\/\/i0.wp.com\/embajadahaiti.cl\/web\/wp-content\/uploads\/2021\/07\/Imagen-1-1.jpg?resize=100%2C75&amp;ssl=1 100w\" sizes=\"auto, (max-width:767px) 442px, 442px\" \/><\/a><\/figure><\/li><li class=\"blocks-gallery-item\"><figure><a href=\"https:\/\/i0.wp.com\/embajadahaiti.cl\/web\/wp-content\/uploads\/2021\/07\/Imagen-3-2.jpg?ssl=1\"><img data-recalc-dims=\"1\" loading=\"lazy\" decoding=\"async\" width=\"1220\" height=\"917\" data-attachment-id=\"604\" data-permalink=\"https:\/\/embajadahaiti.cl\/web\/reunion-soutenue-a-lambassade-dhaiti-a-washington\/imagen-3-2\/\" data-orig-file=\"https:\/\/i0.wp.com\/embajadahaiti.cl\/web\/wp-content\/uploads\/2021\/07\/Imagen-3-2.jpg?fit=1353%2C1017&amp;ssl=1\" data-orig-size=\"1353,1017\" data-comments-opened=\"0\" data-image-meta=\"{&quot;aperture&quot;:&quot;0&quot;,&quot;credit&quot;:&quot;&quot;,&quot;camera&quot;:&quot;&quot;,&quot;caption&quot;:&quot;&quot;,&quot;created_timestamp&quot;:&quot;0&quot;,&quot;copyright&quot;:&quot;&quot;,&quot;focal_length&quot;:&quot;0&quot;,&quot;iso&quot;:&quot;0&quot;,&quot;shutter_speed&quot;:&quot;0&quot;,&quot;title&quot;:&quot;&quot;,&quot;orientation&quot;:&quot;0&quot;}\" data-image-title=\"Imagen-3-2\" data-image-description=\"\" data-image-caption=\"\" data-medium-file=\"https:\/\/i0.wp.com\/embajadahaiti.cl\/web\/wp-content\/uploads\/2021\/07\/Imagen-3-2.jpg?fit=300%2C225&amp;ssl=1\" data-large-file=\"https:\/\/i0.wp.com\/embajadahaiti.cl\/web\/wp-content\/uploads\/2021\/07\/Imagen-3-2.jpg?fit=1024%2C770&amp;ssl=1\" src=\"https:\/\/i0.wp.com\/embajadahaiti.cl\/web\/wp-content\/uploads\/2021\/07\/Imagen-3-2.jpg?resize=1220%2C917&#038;ssl=1\" alt=\"\" data-id=\"604\" data-full-url=\"https:\/\/embajadahaiti.cl\/web\/wp-content\/uploads\/2021\/07\/Imagen-3-2.jpg\" data-link=\"https:\/\/embajadahaiti.cl\/web\/?attachment_id=604\" class=\"wp-image-604\" srcset=\"https:\/\/i0.wp.com\/embajadahaiti.cl\/web\/wp-content\/uploads\/2021\/07\/Imagen-3-2.jpg?w=1353&amp;ssl=1 1353w, https:\/\/i0.wp.com\/embajadahaiti.cl\/web\/wp-content\/uploads\/2021\/07\/Imagen-3-2.jpg?resize=300%2C225&amp;ssl=1 300w, https:\/\/i0.wp.com\/embajadahaiti.cl\/web\/wp-content\/uploads\/2021\/07\/Imagen-3-2.jpg?resize=1024%2C770&amp;ssl=1 1024w, https:\/\/i0.wp.com\/embajadahaiti.cl\/web\/wp-content\/uploads\/2021\/07\/Imagen-3-2.jpg?resize=768%2C577&amp;ssl=1 768w, https:\/\/i0.wp.com\/embajadahaiti.cl\/web\/wp-content\/uploads\/2021\/07\/Imagen-3-2.jpg?resize=194%2C146&amp;ssl=1 194w, https:\/\/i0.wp.com\/embajadahaiti.cl\/web\/wp-content\/uploads\/2021\/07\/Imagen-3-2.jpg?resize=50%2C38&amp;ssl=1 50w, https:\/\/i0.wp.com\/embajadahaiti.cl\/web\/wp-content\/uploads\/2021\/07\/Imagen-3-2.jpg?resize=100%2C75&amp;ssl=1 100w\" sizes=\"auto, (max-width:767px) 480px, (max-width:1353px) 100vw, 1353px\" \/><\/a><\/figure><\/li><\/ul><\/figure>\n<\/div>\n<\/div>\n\n\n\n<p><\/p>\n","protected":false},"excerpt":{"rendered":"<p>Nan sousi pou jwenn yon solisyon ki ka ede Ayisyen k ap viv Chili yo jwenn pasp\u00f2 yo nan yon d\u00e8le ki pi kout, Anbasad\u00e8 Wedlyne<span class=\"excerpt-hellip\"> [\u2026]<\/span><\/p>\n","protected":false},"author":1,"featured_media":599,"comment_status":"closed","ping_status":"closed","sticky":false,"template":"","format":"standard","meta":{"_jetpack_memberships_contains_paid_content":false,"footnotes":""},"categories":[91],"tags":[],"class_list":["post-598","post","type-post","status-publish","format-standard","has-post-thumbnail","hentry","category-haiti"],"jetpack_featured_media_url":"https:\/\/i0.wp.com\/embajadahaiti.cl\/web\/wp-content\/uploads\/2021\/07\/Imagen-1.jpg?fit=442%2C331&ssl=1","jetpack_sharing_enabled":true,"_links":{"self":[{"href":"https:\/\/embajadahaiti.cl\/web\/wp-json\/wp\/v2\/posts\/598","targetHints":{"allow":["GET"]}}],"collection":[{"href":"https:\/\/embajadahaiti.cl\/web\/wp-json\/wp\/v2\/posts"}],"about":[{"href":"https:\/\/embajadahaiti.cl\/web\/wp-json\/wp\/v2\/types\/post"}],"author":[{"embeddable":true,"href":"https:\/\/embajadahaiti.cl\/web\/wp-json\/wp\/v2\/users\/1"}],"replies":[{"embeddable":true,"href":"https:\/\/embajadahaiti.cl\/web\/wp-json\/wp\/v2\/comments?post=598"}],"version-history":[{"count":4,"href":"https:\/\/embajadahaiti.cl\/web\/wp-json\/wp\/v2\/posts\/598\/revisions"}],"predecessor-version":[{"id":1089,"href":"https:\/\/embajadahaiti.cl\/web\/wp-json\/wp\/v2\/posts\/598\/revisions\/1089"}],"wp:featuredmedia":[{"embeddable":true,"href":"https:\/\/embajadahaiti.cl\/web\/wp-json\/wp\/v2\/media\/599"}],"wp:attachment":[{"href":"https:\/\/embajadahaiti.cl\/web\/wp-json\/wp\/v2\/media?parent=598"}],"wp:term":[{"taxonomy":"category","embeddable":true,"href":"https:\/\/embajadahaiti.cl\/web\/wp-json\/wp\/v2\/categories?post=598"},{"taxonomy":"post_tag","embeddable":true,"href":"https:\/\/embajadahaiti.cl\/web\/wp-json\/wp\/v2\/tags?post=598"}],"curies":[{"name":"wp","href":"https:\/\/api.w.org\/{rel}","templated":true}]}}