{"id":1448,"date":"2024-01-03T00:22:11","date_gmt":"2024-01-03T00:22:11","guid":{"rendered":"https:\/\/embajadahaiti.cl\/web\/?p=1448"},"modified":"2024-01-03T00:23:02","modified_gmt":"2024-01-03T00:23:02","slug":"jour-des-aieux","status":"publish","type":"post","link":"https:\/\/embajadahaiti.cl\/web\/jour-des-aieux\/","title":{"rendered":"JOUR DES A\u00cfEUX"},"content":{"rendered":"\n<p>2 janvye 2024<\/p>\n\n\n\n<p>Chapo ba pou zans\u00e8t nou yo.<\/p>\n\n\n\n<p>En ce jour comm\u00e9moratif des A\u00efeux, rendons hommage aux Anc\u00eatres qui nous ont laiss\u00e9 en h\u00e9ritage cette pr\u00e9cieuse terre d&#8217;Ha\u00efti. Honorons leur m\u00e9rite et leur contribution.<\/p>\n\n\n\n<figure class=\"wp-block-gallery has-nested-images columns-default is-cropped wp-block-gallery-1 is-layout-flex wp-block-gallery-is-layout-flex\">\n<figure class=\"wp-block-image size-full\"><a href=\"https:\/\/i0.wp.com\/embajadahaiti.cl\/web\/wp-content\/uploads\/2024\/01\/WhatsApp-Image-2024-01-02-at-21.03.38.jpeg?ssl=1\"><img data-recalc-dims=\"1\" loading=\"lazy\" decoding=\"async\" width=\"1023\" height=\"910\" data-attachment-id=\"1450\" data-permalink=\"https:\/\/embajadahaiti.cl\/web\/jour-des-aieux\/whatsapp-image-2024-01-02-at-21-03-38\/\" data-orig-file=\"https:\/\/i0.wp.com\/embajadahaiti.cl\/web\/wp-content\/uploads\/2024\/01\/WhatsApp-Image-2024-01-02-at-21.03.38.jpeg?fit=1023%2C910&amp;ssl=1\" data-orig-size=\"1023,910\" data-comments-opened=\"0\" data-image-meta=\"{&quot;aperture&quot;:&quot;0&quot;,&quot;credit&quot;:&quot;&quot;,&quot;camera&quot;:&quot;&quot;,&quot;caption&quot;:&quot;&quot;,&quot;created_timestamp&quot;:&quot;0&quot;,&quot;copyright&quot;:&quot;&quot;,&quot;focal_length&quot;:&quot;0&quot;,&quot;iso&quot;:&quot;0&quot;,&quot;shutter_speed&quot;:&quot;0&quot;,&quot;title&quot;:&quot;&quot;,&quot;orientation&quot;:&quot;0&quot;}\" data-image-title=\"WhatsApp-Image-2024-01-02-at-21.03.38\" data-image-description=\"\" data-image-caption=\"\" data-medium-file=\"https:\/\/i0.wp.com\/embajadahaiti.cl\/web\/wp-content\/uploads\/2024\/01\/WhatsApp-Image-2024-01-02-at-21.03.38.jpeg?fit=300%2C267&amp;ssl=1\" data-large-file=\"https:\/\/i0.wp.com\/embajadahaiti.cl\/web\/wp-content\/uploads\/2024\/01\/WhatsApp-Image-2024-01-02-at-21.03.38.jpeg?fit=1023%2C910&amp;ssl=1\" data-id=\"1450\" src=\"https:\/\/i0.wp.com\/embajadahaiti.cl\/web\/wp-content\/uploads\/2024\/01\/WhatsApp-Image-2024-01-02-at-21.03.38.jpeg?resize=1023%2C910&#038;ssl=1\" alt=\"\" class=\"wp-image-1450\" srcset=\"https:\/\/i0.wp.com\/embajadahaiti.cl\/web\/wp-content\/uploads\/2024\/01\/WhatsApp-Image-2024-01-02-at-21.03.38.jpeg?w=1023&amp;ssl=1 1023w, https:\/\/i0.wp.com\/embajadahaiti.cl\/web\/wp-content\/uploads\/2024\/01\/WhatsApp-Image-2024-01-02-at-21.03.38.jpeg?resize=300%2C267&amp;ssl=1 300w, https:\/\/i0.wp.com\/embajadahaiti.cl\/web\/wp-content\/uploads\/2024\/01\/WhatsApp-Image-2024-01-02-at-21.03.38.jpeg?resize=768%2C683&amp;ssl=1 768w, https:\/\/i0.wp.com\/embajadahaiti.cl\/web\/wp-content\/uploads\/2024\/01\/WhatsApp-Image-2024-01-02-at-21.03.38.jpeg?resize=164%2C146&amp;ssl=1 164w, https:\/\/i0.wp.com\/embajadahaiti.cl\/web\/wp-content\/uploads\/2024\/01\/WhatsApp-Image-2024-01-02-at-21.03.38.jpeg?resize=50%2C44&amp;ssl=1 50w, https:\/\/i0.wp.com\/embajadahaiti.cl\/web\/wp-content\/uploads\/2024\/01\/WhatsApp-Image-2024-01-02-at-21.03.38.jpeg?resize=84%2C75&amp;ssl=1 84w\" sizes=\"auto, (max-width:767px) 480px, (max-width:1023px) 100vw, 1023px\" \/><\/a><\/figure>\n<\/figure>\n","protected":false},"excerpt":{"rendered":"<p>2 janvye 2024 Chapo ba pou zans\u00e8t nou yo. En ce jour comm\u00e9moratif des A\u00efeux, rendons hommage aux Anc\u00eatres qui nous ont laiss\u00e9 en h\u00e9ritage cette<span class=\"excerpt-hellip\"> [\u2026]<\/span><\/p>\n","protected":false},"author":1,"featured_media":1450,"comment_status":"closed","ping_status":"closed","sticky":false,"template":"","format":"standard","meta":{"_jetpack_memberships_contains_paid_content":false,"footnotes":""},"categories":[91],"tags":[],"class_list":["post-1448","post","type-post","status-publish","format-standard","has-post-thumbnail","hentry","category-haiti"],"jetpack_featured_media_url":"https:\/\/i0.wp.com\/embajadahaiti.cl\/web\/wp-content\/uploads\/2024\/01\/WhatsApp-Image-2024-01-02-at-21.03.38.jpeg?fit=1023%2C910&ssl=1","jetpack_sharing_enabled":true,"_links":{"self":[{"href":"https:\/\/embajadahaiti.cl\/web\/wp-json\/wp\/v2\/posts\/1448","targetHints":{"allow":["GET"]}}],"collection":[{"href":"https:\/\/embajadahaiti.cl\/web\/wp-json\/wp\/v2\/posts"}],"about":[{"href":"https:\/\/embajadahaiti.cl\/web\/wp-json\/wp\/v2\/types\/post"}],"author":[{"embeddable":true,"href":"https:\/\/embajadahaiti.cl\/web\/wp-json\/wp\/v2\/users\/1"}],"replies":[{"embeddable":true,"href":"https:\/\/embajadahaiti.cl\/web\/wp-json\/wp\/v2\/comments?post=1448"}],"version-history":[{"count":2,"href":"https:\/\/embajadahaiti.cl\/web\/wp-json\/wp\/v2\/posts\/1448\/revisions"}],"predecessor-version":[{"id":1451,"href":"https:\/\/embajadahaiti.cl\/web\/wp-json\/wp\/v2\/posts\/1448\/revisions\/1451"}],"wp:featuredmedia":[{"embeddable":true,"href":"https:\/\/embajadahaiti.cl\/web\/wp-json\/wp\/v2\/media\/1450"}],"wp:attachment":[{"href":"https:\/\/embajadahaiti.cl\/web\/wp-json\/wp\/v2\/media?parent=1448"}],"wp:term":[{"taxonomy":"category","embeddable":true,"href":"https:\/\/embajadahaiti.cl\/web\/wp-json\/wp\/v2\/categories?post=1448"},{"taxonomy":"post_tag","embeddable":true,"href":"https:\/\/embajadahaiti.cl\/web\/wp-json\/wp\/v2\/tags?post=1448"}],"curies":[{"name":"wp","href":"https:\/\/api.w.org\/{rel}","templated":true}]}}