{"id":1423,"date":"2023-11-20T14:09:26","date_gmt":"2023-11-20T14:09:26","guid":{"rendered":"https:\/\/embajadahaiti.cl\/web\/?p=1423"},"modified":"2023-11-20T14:11:27","modified_gmt":"2023-11-20T14:11:27","slug":"columna-de-wedlyne-francois-pierre-la-batalla-de-vertieres-un-legado-glorioso-para-haiti","status":"publish","type":"post","link":"https:\/\/embajadahaiti.cl\/web\/columna-de-wedlyne-francois-pierre-la-batalla-de-vertieres-un-legado-glorioso-para-haiti\/","title":{"rendered":"Columna de Wedlyne Fran\u00e7ois Pierre: La batalla de Verti\u00e8res, un legado glorioso para Hait\u00ed"},"content":{"rendered":"\n<div class=\"wp-block-image\"><figure class=\"aligncenter size-full\"><img data-recalc-dims=\"1\" loading=\"lazy\" decoding=\"async\" width=\"890\" height=\"597\" data-attachment-id=\"1424\" data-permalink=\"https:\/\/embajadahaiti.cl\/web\/columna-de-wedlyne-francois-pierre-la-batalla-de-vertieres-un-legado-glorioso-para-haiti\/whatsapp-image-2023-11-20-at-11-08-06\/\" data-orig-file=\"https:\/\/i0.wp.com\/embajadahaiti.cl\/web\/wp-content\/uploads\/2023\/11\/WhatsApp-Image-2023-11-20-at-11.08.06.jpeg?fit=890%2C597&amp;ssl=1\" data-orig-size=\"890,597\" data-comments-opened=\"0\" data-image-meta=\"{&quot;aperture&quot;:&quot;0&quot;,&quot;credit&quot;:&quot;&quot;,&quot;camera&quot;:&quot;&quot;,&quot;caption&quot;:&quot;&quot;,&quot;created_timestamp&quot;:&quot;0&quot;,&quot;copyright&quot;:&quot;&quot;,&quot;focal_length&quot;:&quot;0&quot;,&quot;iso&quot;:&quot;0&quot;,&quot;shutter_speed&quot;:&quot;0&quot;,&quot;title&quot;:&quot;&quot;,&quot;orientation&quot;:&quot;0&quot;}\" data-image-title=\"WhatsApp-Image-2023-11-20-at-11.08.06\" data-image-description=\"\" data-image-caption=\"\" data-medium-file=\"https:\/\/i0.wp.com\/embajadahaiti.cl\/web\/wp-content\/uploads\/2023\/11\/WhatsApp-Image-2023-11-20-at-11.08.06.jpeg?fit=300%2C201&amp;ssl=1\" data-large-file=\"https:\/\/i0.wp.com\/embajadahaiti.cl\/web\/wp-content\/uploads\/2023\/11\/WhatsApp-Image-2023-11-20-at-11.08.06.jpeg?fit=890%2C597&amp;ssl=1\" src=\"https:\/\/i0.wp.com\/embajadahaiti.cl\/web\/wp-content\/uploads\/2023\/11\/WhatsApp-Image-2023-11-20-at-11.08.06.jpeg?resize=890%2C597&#038;ssl=1\" alt=\"\" class=\"wp-image-1424\" srcset=\"https:\/\/i0.wp.com\/embajadahaiti.cl\/web\/wp-content\/uploads\/2023\/11\/WhatsApp-Image-2023-11-20-at-11.08.06.jpeg?w=890&amp;ssl=1 890w, https:\/\/i0.wp.com\/embajadahaiti.cl\/web\/wp-content\/uploads\/2023\/11\/WhatsApp-Image-2023-11-20-at-11.08.06.jpeg?resize=300%2C201&amp;ssl=1 300w, https:\/\/i0.wp.com\/embajadahaiti.cl\/web\/wp-content\/uploads\/2023\/11\/WhatsApp-Image-2023-11-20-at-11.08.06.jpeg?resize=768%2C515&amp;ssl=1 768w, https:\/\/i0.wp.com\/embajadahaiti.cl\/web\/wp-content\/uploads\/2023\/11\/WhatsApp-Image-2023-11-20-at-11.08.06.jpeg?resize=218%2C146&amp;ssl=1 218w, https:\/\/i0.wp.com\/embajadahaiti.cl\/web\/wp-content\/uploads\/2023\/11\/WhatsApp-Image-2023-11-20-at-11.08.06.jpeg?resize=50%2C34&amp;ssl=1 50w, https:\/\/i0.wp.com\/embajadahaiti.cl\/web\/wp-content\/uploads\/2023\/11\/WhatsApp-Image-2023-11-20-at-11.08.06.jpeg?resize=112%2C75&amp;ssl=1 112w\" sizes=\"auto, (max-width:767px) 480px, (max-width:890px) 100vw, 890px\" \/><\/figure><\/div>\n\n\n\n<h4 class=\"has-text-align-center wp-block-heading\"><strong>El 18 de noviembre de 2023, el pueblo haitiano conmemora los 220 a\u00f1os de la Batalla de Verti\u00e8res, durante la cual el ej\u00e9rcito ind\u00edgena hizo capitular al poderoso ej\u00e9rcito de Napole\u00f3n Bonaporte en 1803, despu\u00e9s de m\u00e1s de una d\u00e9cada de luchas encarnizadas por la liberaci\u00f3n de los esclavos. En mi calidad de Embajadora Extraordinaria y Plenipotenciaria de la Rep\u00fablica de Hait\u00ed en Chile, pa\u00eds con el que Hait\u00ed mantiene relaciones diplom\u00e1ticas fruct\u00edferas desde hace muchos a\u00f1os, en un impulso de compromiso fuera de toda pretensi\u00f3n retomo esta parte de la historia \u00fanica de mi pa\u00eds, para presentar el simbolismo de esta revoluci\u00f3n, seno de la resistencia a la opresi\u00f3n colonial, que provoc\u00f3 la independencia de la primera rep\u00fablica negra del mundo.<\/strong><\/h4>\n\n\n\n<p class=\"has-text-align-center has-normal-font-size\">La Batalla de Verti\u00e8res, un episodio heroico en la b\u00fasqueda de libertad sigue siendo un doloroso recordatorio del valor y la determinaci\u00f3n de las hero\u00ednas y h\u00e9roes haitianos frente a la opresi\u00f3n colonial. Bajo la valiente direcci\u00f3n del general Jean Jacques Dessalines, el ej\u00e9rcito ind\u00edgena venci\u00f3 a las tropas colonizadoras francesas. Este enfrentamiento decisivo, alimentado por el deseo inextinguible de libertad de los esclavos, constituye un acontecimiento sin precedentes en la historia mundial.<\/p>\n\n\n\n<p class=\"has-text-align-center has-normal-font-size\">Compartir esta gloriosa historia pone de relieve el hero\u00edsmo del ej\u00e9rcito de Verti\u00e8res y su contribuci\u00f3n crucial a la liberaci\u00f3n de los esclavos. El conocimiento profundo de la historia de Hait\u00ed representa una v\u00eda esencial para fortalecer los v\u00ednculos entre nuestros dos pueblos. La riqueza cultural del pueblo haitiano se expresa plenamente a trav\u00e9s de su historia, y los intercambios culturales basados en esa comprensi\u00f3n facilitan la adopci\u00f3n y la aceptaci\u00f3n de un enfoque matizado de Hait\u00ed y el ejercicio contrario abarca los mismos objetivos.<\/p>\n\n\n\n<p class=\"has-text-align-center has-normal-font-size\">Soy la primera mujer Embajadora de Hait\u00ed en Chile y es con gratitud que venero a nuestras hero\u00ednas de Verti\u00e8res que tambi\u00e9n hicieron su aporte a nuestra victoria vertiginosa con su valent\u00eda. La historia recuerda que estas mujeres, a menudo olvidadas, tomaron las armas y espiaron al adversario con el \u00fanico fin de abrir un camino hacia la autodeterminaci\u00f3n para los hombres que ellas educaron, nutrieron y engendraron, convertidos en nuestros h\u00e9roes en Verti\u00e8res. Su contribuci\u00f3n no reconocida merece ser celebrada. Es un deber preservar su memoria.<\/p>\n\n\n\n<p><\/p>\n","protected":false},"excerpt":{"rendered":"<p>El 18 de noviembre de 2023, el pueblo haitiano conmemora los 220 a\u00f1os de la Batalla de Verti\u00e8res, durante la cual el ej\u00e9rcito ind\u00edgena hizo capitular<span class=\"excerpt-hellip\"> [\u2026]<\/span><\/p>\n","protected":false},"author":1,"featured_media":1424,"comment_status":"closed","ping_status":"closed","sticky":false,"template":"","format":"standard","meta":{"_jetpack_memberships_contains_paid_content":false,"footnotes":""},"categories":[91],"tags":[],"class_list":["post-1423","post","type-post","status-publish","format-standard","has-post-thumbnail","hentry","category-haiti"],"jetpack_featured_media_url":"https:\/\/i0.wp.com\/embajadahaiti.cl\/web\/wp-content\/uploads\/2023\/11\/WhatsApp-Image-2023-11-20-at-11.08.06.jpeg?fit=890%2C597&ssl=1","jetpack_sharing_enabled":true,"_links":{"self":[{"href":"https:\/\/embajadahaiti.cl\/web\/wp-json\/wp\/v2\/posts\/1423","targetHints":{"allow":["GET"]}}],"collection":[{"href":"https:\/\/embajadahaiti.cl\/web\/wp-json\/wp\/v2\/posts"}],"about":[{"href":"https:\/\/embajadahaiti.cl\/web\/wp-json\/wp\/v2\/types\/post"}],"author":[{"embeddable":true,"href":"https:\/\/embajadahaiti.cl\/web\/wp-json\/wp\/v2\/users\/1"}],"replies":[{"embeddable":true,"href":"https:\/\/embajadahaiti.cl\/web\/wp-json\/wp\/v2\/comments?post=1423"}],"version-history":[{"count":3,"href":"https:\/\/embajadahaiti.cl\/web\/wp-json\/wp\/v2\/posts\/1423\/revisions"}],"predecessor-version":[{"id":1427,"href":"https:\/\/embajadahaiti.cl\/web\/wp-json\/wp\/v2\/posts\/1423\/revisions\/1427"}],"wp:featuredmedia":[{"embeddable":true,"href":"https:\/\/embajadahaiti.cl\/web\/wp-json\/wp\/v2\/media\/1424"}],"wp:attachment":[{"href":"https:\/\/embajadahaiti.cl\/web\/wp-json\/wp\/v2\/media?parent=1423"}],"wp:term":[{"taxonomy":"category","embeddable":true,"href":"https:\/\/embajadahaiti.cl\/web\/wp-json\/wp\/v2\/categories?post=1423"},{"taxonomy":"post_tag","embeddable":true,"href":"https:\/\/embajadahaiti.cl\/web\/wp-json\/wp\/v2\/tags?post=1423"}],"curies":[{"name":"wp","href":"https:\/\/api.w.org\/{rel}","templated":true}]}}