{"id":1343,"date":"2022-09-05T03:53:46","date_gmt":"2022-09-05T03:53:46","guid":{"rendered":"https:\/\/embajadahaiti.cl\/web\/?p=1343"},"modified":"2022-09-05T03:53:47","modified_gmt":"2022-09-05T03:53:47","slug":"rencontre-entre-lambassade-dhaiti-au-chili-et-luniversite-australe-de-valdivia","status":"publish","type":"post","link":"https:\/\/embajadahaiti.cl\/web\/rencontre-entre-lambassade-dhaiti-au-chili-et-luniversite-australe-de-valdivia\/","title":{"rendered":"Rencontre entre L\u2019Ambassade d\u2019Ha\u00efti au Chili et l\u2019Universit\u00e9 Australe de Valdivia"},"content":{"rendered":"\n<div class=\"wp-block-columns is-layout-flex wp-container-core-columns-is-layout-9d6595d7 wp-block-columns-is-layout-flex\">\n<div class=\"wp-block-column is-layout-flow wp-block-column-is-layout-flow\">\n<h2 class=\"has-medium-font-size wp-block-heading\">L&#8217;ambassadeur Wedlyne Fran\u00e7ois Pierre a rencontr\u00e9 le Dr Hans Richter Becerra, Recteur de l&#8217;Universit\u00e9 Australe du Chili \u00e0 Valdivia, le vendredi 8 juillet 2022 dans le cadre des pourparlers en cours visant le renforcement des \u00e9changes entre l\u2019Universit\u00e9 Australe du Chili et celles d\u00b4Ha\u00efti.  Au cours de cette rencontre, les deux autorit\u00e9s se sont entendues sur de nombreux sujets de coop\u00e9ration qui permettront de multiplier les \u00e9changes culturels, acad\u00e9miques et scientifiques entre les Universit\u00e9s d&#8217;Ha\u00efti et l&#8217;Universit\u00e9 Australe du Chili.\n\n\n<\/h2>\n\n\n\n<p><\/p>\n<\/div>\n\n\n\n<div class=\"wp-block-column is-layout-flow wp-block-column-is-layout-flow\">\n<figure class=\"wp-block-gallery columns-1 is-cropped wp-block-gallery-1 is-layout-flex wp-block-gallery-is-layout-flex\"><ul class=\"blocks-gallery-grid\"><li class=\"blocks-gallery-item\"><figure><a href=\"https:\/\/i0.wp.com\/embajadahaiti.cl\/web\/wp-content\/uploads\/2022\/09\/foto-texte-4.jpg?ssl=1\"><img data-recalc-dims=\"1\" loading=\"lazy\" decoding=\"async\" width=\"1220\" height=\"818\" data-attachment-id=\"1344\" data-permalink=\"https:\/\/embajadahaiti.cl\/web\/rencontre-entre-lambassade-dhaiti-au-chili-et-luniversite-australe-de-valdivia\/foto-texte-4\/\" data-orig-file=\"https:\/\/i0.wp.com\/embajadahaiti.cl\/web\/wp-content\/uploads\/2022\/09\/foto-texte-4.jpg?fit=1270%2C852&amp;ssl=1\" data-orig-size=\"1270,852\" data-comments-opened=\"0\" data-image-meta=\"{&quot;aperture&quot;:&quot;0&quot;,&quot;credit&quot;:&quot;didiXpro&quot;,&quot;camera&quot;:&quot;&quot;,&quot;caption&quot;:&quot;&quot;,&quot;created_timestamp&quot;:&quot;1657276413&quot;,&quot;copyright&quot;:&quot;didiXpro&quot;,&quot;focal_length&quot;:&quot;0&quot;,&quot;iso&quot;:&quot;0&quot;,&quot;shutter_speed&quot;:&quot;0&quot;,&quot;title&quot;:&quot;&quot;,&quot;orientation&quot;:&quot;0&quot;}\" data-image-title=\"foto-texte-4\" data-image-description=\"\" data-image-caption=\"\" data-medium-file=\"https:\/\/i0.wp.com\/embajadahaiti.cl\/web\/wp-content\/uploads\/2022\/09\/foto-texte-4.jpg?fit=300%2C201&amp;ssl=1\" data-large-file=\"https:\/\/i0.wp.com\/embajadahaiti.cl\/web\/wp-content\/uploads\/2022\/09\/foto-texte-4.jpg?fit=1024%2C687&amp;ssl=1\" src=\"https:\/\/i0.wp.com\/embajadahaiti.cl\/web\/wp-content\/uploads\/2022\/09\/foto-texte-4.jpg?resize=1220%2C818&#038;ssl=1\" alt=\"\" data-id=\"1344\" data-full-url=\"https:\/\/embajadahaiti.cl\/web\/wp-content\/uploads\/2022\/09\/foto-texte-4.jpg\" data-link=\"https:\/\/embajadahaiti.cl\/web\/?attachment_id=1344\" class=\"wp-image-1344\" srcset=\"https:\/\/i0.wp.com\/embajadahaiti.cl\/web\/wp-content\/uploads\/2022\/09\/foto-texte-4.jpg?w=1270&amp;ssl=1 1270w, https:\/\/i0.wp.com\/embajadahaiti.cl\/web\/wp-content\/uploads\/2022\/09\/foto-texte-4.jpg?resize=300%2C201&amp;ssl=1 300w, https:\/\/i0.wp.com\/embajadahaiti.cl\/web\/wp-content\/uploads\/2022\/09\/foto-texte-4.jpg?resize=1024%2C687&amp;ssl=1 1024w, https:\/\/i0.wp.com\/embajadahaiti.cl\/web\/wp-content\/uploads\/2022\/09\/foto-texte-4.jpg?resize=768%2C515&amp;ssl=1 768w, https:\/\/i0.wp.com\/embajadahaiti.cl\/web\/wp-content\/uploads\/2022\/09\/foto-texte-4.jpg?resize=218%2C146&amp;ssl=1 218w, https:\/\/i0.wp.com\/embajadahaiti.cl\/web\/wp-content\/uploads\/2022\/09\/foto-texte-4.jpg?resize=50%2C34&amp;ssl=1 50w, https:\/\/i0.wp.com\/embajadahaiti.cl\/web\/wp-content\/uploads\/2022\/09\/foto-texte-4.jpg?resize=112%2C75&amp;ssl=1 112w\" sizes=\"auto, (max-width:767px) 480px, (max-width:1270px) 100vw, 1270px\" \/><\/a><\/figure><\/li><\/ul><\/figure>\n<\/div>\n<\/div>\n\n\n\n<p><\/p>\n","protected":false},"excerpt":{"rendered":"<p>L&#8217;ambassadeur Wedlyne Fran\u00e7ois Pierre a rencontr\u00e9 le Dr Hans Richter Becerra, Recteur de l&#8217;Universit\u00e9 Australe du Chili \u00e0 Valdivia, le vendredi 8 juillet 2022 dans le<span class=\"excerpt-hellip\"> [\u2026]<\/span><\/p>\n","protected":false},"author":1,"featured_media":1344,"comment_status":"closed","ping_status":"closed","sticky":false,"template":"","format":"standard","meta":{"_jetpack_memberships_contains_paid_content":false,"footnotes":""},"categories":[91],"tags":[],"class_list":["post-1343","post","type-post","status-publish","format-standard","has-post-thumbnail","hentry","category-haiti"],"jetpack_featured_media_url":"https:\/\/i0.wp.com\/embajadahaiti.cl\/web\/wp-content\/uploads\/2022\/09\/foto-texte-4.jpg?fit=1270%2C852&ssl=1","jetpack_sharing_enabled":true,"_links":{"self":[{"href":"https:\/\/embajadahaiti.cl\/web\/wp-json\/wp\/v2\/posts\/1343","targetHints":{"allow":["GET"]}}],"collection":[{"href":"https:\/\/embajadahaiti.cl\/web\/wp-json\/wp\/v2\/posts"}],"about":[{"href":"https:\/\/embajadahaiti.cl\/web\/wp-json\/wp\/v2\/types\/post"}],"author":[{"embeddable":true,"href":"https:\/\/embajadahaiti.cl\/web\/wp-json\/wp\/v2\/users\/1"}],"replies":[{"embeddable":true,"href":"https:\/\/embajadahaiti.cl\/web\/wp-json\/wp\/v2\/comments?post=1343"}],"version-history":[{"count":1,"href":"https:\/\/embajadahaiti.cl\/web\/wp-json\/wp\/v2\/posts\/1343\/revisions"}],"predecessor-version":[{"id":1345,"href":"https:\/\/embajadahaiti.cl\/web\/wp-json\/wp\/v2\/posts\/1343\/revisions\/1345"}],"wp:featuredmedia":[{"embeddable":true,"href":"https:\/\/embajadahaiti.cl\/web\/wp-json\/wp\/v2\/media\/1344"}],"wp:attachment":[{"href":"https:\/\/embajadahaiti.cl\/web\/wp-json\/wp\/v2\/media?parent=1343"}],"wp:term":[{"taxonomy":"category","embeddable":true,"href":"https:\/\/embajadahaiti.cl\/web\/wp-json\/wp\/v2\/categories?post=1343"},{"taxonomy":"post_tag","embeddable":true,"href":"https:\/\/embajadahaiti.cl\/web\/wp-json\/wp\/v2\/tags?post=1343"}],"curies":[{"name":"wp","href":"https:\/\/api.w.org\/{rel}","templated":true}]}}