{"id":1340,"date":"2022-09-05T03:49:02","date_gmt":"2022-09-05T03:49:02","guid":{"rendered":"https:\/\/embajadahaiti.cl\/web\/?p=1340"},"modified":"2022-09-05T03:49:03","modified_gmt":"2022-09-05T03:49:03","slug":"lambassadeur-wedlyne-francois-pierre-a-rencontre-la-communaute-haitienne-installee-a-valdivia","status":"publish","type":"post","link":"https:\/\/embajadahaiti.cl\/web\/lambassadeur-wedlyne-francois-pierre-a-rencontre-la-communaute-haitienne-installee-a-valdivia\/","title":{"rendered":"L\u2019Ambassadeur Wedlyne Fran\u00e7ois Pierre a rencontr\u00e9 la Communaut\u00e9 ha\u00eftienne install\u00e9e \u00e0 Valdivia."},"content":{"rendered":"\n<div class=\"wp-block-columns is-layout-flex wp-container-core-columns-is-layout-9d6595d7 wp-block-columns-is-layout-flex\">\n<div class=\"wp-block-column is-layout-flow wp-block-column-is-layout-flow\">\n<h2 class=\"has-medium-font-size wp-block-heading\">Dans le cadre du programme \u00ab Anbasad la vi n pi pre w \u00bb l\u2019Ambassadeur Wedlyne Fran\u00e7ois Pierre a rencontr\u00e9 des repr\u00e9sentants de la communaut\u00e9 ha\u00eftienne install\u00e9e \u00e0 Valdivia, le jeudi 7 juillet 2022. Cette rencontre a \u00e9t\u00e9 l\u2019occasion pour les participants de passer en revue leur succ\u00e8s et leurs d\u00e9fis dans le processus d\u2019int\u00e9gration dans la soci\u00e9t\u00e9 chilienne tout en d\u00e9non\u00e7ant les retards r\u00e9p\u00e9t\u00e9s dans la livraison des documents \u00e0 l\u2019Ambassade. A la lumi\u00e8re de cette rencontre qui a dur\u00e9 plus de deux heures d\u00b4horloge, l\u2019Ambassade envisage d\u2019ins\u00e9rer dans son plan d\u2019action.<br>\n&#8211; L\u2019impl\u00e9mentation d\u2019un cours d\u2019espagnol en ligne \u00e0 l\u2019intention de la communaut\u00e9 ha\u00eftienne au Chili ;<br>\n&#8211; La mise en r\u00e9seau des entrepreneurs ha\u00eftiens \u00e9voluant sur le tout territoire chilien ;<br>\n&#8211; La formation du personnel de l\u2019Ambassade en \u00ab secourisme et premiers soins ;<br>\n&#8211; La d\u00e9signation de volontaires habilit\u00e9s \u00e0 entreprendre des d\u00e9marches aupr\u00e8s de     l`Ambassade aux noms et pour les comptes des compatriotes vivant dans des r\u00e9gions recul\u00e9es ;<br>\n&#8211; La mise sur pied d\u2019un programme de sensibilisation pour encourager les compatriotes install\u00e9s au Chili \u00e0 poursuivre leurs \u00e9tudes techniques ou universitaires.\n<\/h2>\n\n\n\n<p><\/p>\n<\/div>\n\n\n\n<div class=\"wp-block-column is-layout-flow wp-block-column-is-layout-flow\">\n<figure class=\"wp-block-gallery columns-1 is-cropped wp-block-gallery-1 is-layout-flex wp-block-gallery-is-layout-flex\"><ul class=\"blocks-gallery-grid\"><li class=\"blocks-gallery-item\"><figure><a href=\"https:\/\/i0.wp.com\/embajadahaiti.cl\/web\/wp-content\/uploads\/2022\/09\/foto-texte-3.jpg?ssl=1\"><img data-recalc-dims=\"1\" loading=\"lazy\" decoding=\"async\" width=\"900\" height=\"600\" data-attachment-id=\"1341\" data-permalink=\"https:\/\/embajadahaiti.cl\/web\/lambassadeur-wedlyne-francois-pierre-a-rencontre-la-communaute-haitienne-installee-a-valdivia\/foto-texte-3\/\" data-orig-file=\"https:\/\/i0.wp.com\/embajadahaiti.cl\/web\/wp-content\/uploads\/2022\/09\/foto-texte-3.jpg?fit=900%2C600&amp;ssl=1\" data-orig-size=\"900,600\" data-comments-opened=\"0\" data-image-meta=\"{&quot;aperture&quot;:&quot;0&quot;,&quot;credit&quot;:&quot;didiXpro&quot;,&quot;camera&quot;:&quot;&quot;,&quot;caption&quot;:&quot;&quot;,&quot;created_timestamp&quot;:&quot;1657239950&quot;,&quot;copyright&quot;:&quot;didiXpro&quot;,&quot;focal_length&quot;:&quot;0&quot;,&quot;iso&quot;:&quot;0&quot;,&quot;shutter_speed&quot;:&quot;0&quot;,&quot;title&quot;:&quot;&quot;,&quot;orientation&quot;:&quot;0&quot;}\" data-image-title=\"foto-texte-3\" data-image-description=\"\" data-image-caption=\"\" data-medium-file=\"https:\/\/i0.wp.com\/embajadahaiti.cl\/web\/wp-content\/uploads\/2022\/09\/foto-texte-3.jpg?fit=300%2C200&amp;ssl=1\" data-large-file=\"https:\/\/i0.wp.com\/embajadahaiti.cl\/web\/wp-content\/uploads\/2022\/09\/foto-texte-3.jpg?fit=900%2C600&amp;ssl=1\" src=\"https:\/\/i0.wp.com\/embajadahaiti.cl\/web\/wp-content\/uploads\/2022\/09\/foto-texte-3.jpg?resize=900%2C600&#038;ssl=1\" alt=\"\" data-id=\"1341\" data-full-url=\"https:\/\/embajadahaiti.cl\/web\/wp-content\/uploads\/2022\/09\/foto-texte-3.jpg\" data-link=\"https:\/\/embajadahaiti.cl\/web\/?attachment_id=1341\" class=\"wp-image-1341\" srcset=\"https:\/\/i0.wp.com\/embajadahaiti.cl\/web\/wp-content\/uploads\/2022\/09\/foto-texte-3.jpg?w=900&amp;ssl=1 900w, https:\/\/i0.wp.com\/embajadahaiti.cl\/web\/wp-content\/uploads\/2022\/09\/foto-texte-3.jpg?resize=300%2C200&amp;ssl=1 300w, https:\/\/i0.wp.com\/embajadahaiti.cl\/web\/wp-content\/uploads\/2022\/09\/foto-texte-3.jpg?resize=768%2C512&amp;ssl=1 768w, https:\/\/i0.wp.com\/embajadahaiti.cl\/web\/wp-content\/uploads\/2022\/09\/foto-texte-3.jpg?resize=219%2C146&amp;ssl=1 219w, https:\/\/i0.wp.com\/embajadahaiti.cl\/web\/wp-content\/uploads\/2022\/09\/foto-texte-3.jpg?resize=50%2C33&amp;ssl=1 50w, https:\/\/i0.wp.com\/embajadahaiti.cl\/web\/wp-content\/uploads\/2022\/09\/foto-texte-3.jpg?resize=113%2C75&amp;ssl=1 113w\" sizes=\"auto, (max-width:767px) 480px, (max-width:900px) 100vw, 900px\" \/><\/a><\/figure><\/li><\/ul><\/figure>\n<\/div>\n<\/div>\n\n\n\n<p><\/p>\n","protected":false},"excerpt":{"rendered":"<p>Dans le cadre du programme \u00ab Anbasad la vi n pi pre w \u00bb l\u2019Ambassadeur Wedlyne Fran\u00e7ois Pierre a rencontr\u00e9 des repr\u00e9sentants de la communaut\u00e9 ha\u00eftienne<span class=\"excerpt-hellip\"> [\u2026]<\/span><\/p>\n","protected":false},"author":1,"featured_media":1341,"comment_status":"closed","ping_status":"closed","sticky":false,"template":"","format":"standard","meta":{"_jetpack_memberships_contains_paid_content":false,"footnotes":""},"categories":[91],"tags":[],"class_list":["post-1340","post","type-post","status-publish","format-standard","has-post-thumbnail","hentry","category-haiti"],"jetpack_featured_media_url":"https:\/\/i0.wp.com\/embajadahaiti.cl\/web\/wp-content\/uploads\/2022\/09\/foto-texte-3.jpg?fit=900%2C600&ssl=1","jetpack_sharing_enabled":true,"_links":{"self":[{"href":"https:\/\/embajadahaiti.cl\/web\/wp-json\/wp\/v2\/posts\/1340","targetHints":{"allow":["GET"]}}],"collection":[{"href":"https:\/\/embajadahaiti.cl\/web\/wp-json\/wp\/v2\/posts"}],"about":[{"href":"https:\/\/embajadahaiti.cl\/web\/wp-json\/wp\/v2\/types\/post"}],"author":[{"embeddable":true,"href":"https:\/\/embajadahaiti.cl\/web\/wp-json\/wp\/v2\/users\/1"}],"replies":[{"embeddable":true,"href":"https:\/\/embajadahaiti.cl\/web\/wp-json\/wp\/v2\/comments?post=1340"}],"version-history":[{"count":1,"href":"https:\/\/embajadahaiti.cl\/web\/wp-json\/wp\/v2\/posts\/1340\/revisions"}],"predecessor-version":[{"id":1342,"href":"https:\/\/embajadahaiti.cl\/web\/wp-json\/wp\/v2\/posts\/1340\/revisions\/1342"}],"wp:featuredmedia":[{"embeddable":true,"href":"https:\/\/embajadahaiti.cl\/web\/wp-json\/wp\/v2\/media\/1341"}],"wp:attachment":[{"href":"https:\/\/embajadahaiti.cl\/web\/wp-json\/wp\/v2\/media?parent=1340"}],"wp:term":[{"taxonomy":"category","embeddable":true,"href":"https:\/\/embajadahaiti.cl\/web\/wp-json\/wp\/v2\/categories?post=1340"},{"taxonomy":"post_tag","embeddable":true,"href":"https:\/\/embajadahaiti.cl\/web\/wp-json\/wp\/v2\/tags?post=1340"}],"curies":[{"name":"wp","href":"https:\/\/api.w.org\/{rel}","templated":true}]}}