{"id":1216,"date":"2022-04-21T15:01:35","date_gmt":"2022-04-21T15:01:35","guid":{"rendered":"https:\/\/embajadahaiti.cl\/web\/?p=1216"},"modified":"2022-04-21T15:57:06","modified_gmt":"2022-04-21T15:57:06","slug":"lambassadeur-wedlyne-francois-pierre-sest-entretenu-avec-des-representantes-de-plusieurs-groupes-de-femmes-haitiennes-qui-evoluent-dans-divers-domaines-dactivites-au-chili","status":"publish","type":"post","link":"https:\/\/embajadahaiti.cl\/web\/lambassadeur-wedlyne-francois-pierre-sest-entretenu-avec-des-representantes-de-plusieurs-groupes-de-femmes-haitiennes-qui-evoluent-dans-divers-domaines-dactivites-au-chili\/","title":{"rendered":"l&#8217;Ambassadeur Wedlyne Fran\u00e7ois Pierre s&#8217;est entretenu avec des repr\u00e9sentantes de plusieurs groupes de femmes ha\u00eftiennes qui \u00e9voluent dans divers domaines d&#8217;activit\u00e9s au Chili"},"content":{"rendered":"\n<div class=\"wp-block-columns is-layout-flex wp-container-core-columns-is-layout-9d6595d7 wp-block-columns-is-layout-flex\">\n<div class=\"wp-block-column is-layout-flow wp-block-column-is-layout-flow\">\n<h2 class=\"has-medium-font-size wp-block-heading\">Le samedi 9 avril 2022, l&#8217;Ambassadeur Wedlyne Fran\u00e7ois Pierre s&#8217;est entretenue avec des repr\u00e9sentantes de plusieurs groupes de femmes ha\u00eftiennes qui \u00e9voluent dans divers domaines d&#8217;activit\u00e9s au Chili. Cette rencontre a \u00e9t\u00e9 l&#8217;occasion pour les femmes de d\u00e9battre avec l&#8217;\u00e9quipe de l&#8217;Ambassade autour des opportunit\u00e9s s\u2019offrant \u00e0 elles au Chili ainsi que des difficult\u00e9s de toutes sortes qui freinent par ailleurs leur int\u00e9gration dans ce m\u00eame pays.<\/h2>\n\n\n\n<h2 class=\"has-medium-font-size wp-block-heading\">Encourag\u00e9es par l&#8217;Ambassadeur Wedlyne Fran\u00e7ois Pierre, les participantes ont pris de nombreuses r\u00e9solutions importantes lors de cette rencontre. Ces femmes ont accept\u00e9 de cr\u00e9er ou de renforcer davantage des groupes de femmes ha\u00eftiennes partout au Chili. Les participantes s&#8217;engagent \u00e9galement \u00e0 travailler d\u00e9sormais en r\u00e9seau dans le but de se soutenir mutuellement dans le partage de leurs exp\u00e9riences respectives. <\/h2>\n\n\n\n<h2 class=\"has-medium-font-size wp-block-heading\">L&#8217;Ambassadrice Wedlyne Fran\u00e7ois Pierre a promis aux femmes que l&#8217;Ambassade tiendra \u00e0 l\u2019avenir davantage de r\u00e9unions avec encore plus de femmes, en vue d\u2019avancer chaque jour un peu plus dans la construction d\u2019une communaut\u00e9 ha\u00eftienne plus unie et plus solide au Chili. <\/h2>\n\n\n\n<p><\/p>\n<\/div>\n\n\n\n<div class=\"wp-block-column is-layout-flow wp-block-column-is-layout-flow\">\n<figure class=\"wp-block-gallery columns-1 is-cropped wp-block-gallery-1 is-layout-flex wp-block-gallery-is-layout-flex\"><ul class=\"blocks-gallery-grid\"><li class=\"blocks-gallery-item\"><figure><a href=\"https:\/\/i0.wp.com\/embajadahaiti.cl\/web\/wp-content\/uploads\/2022\/04\/t.jpg?ssl=1\"><img data-recalc-dims=\"1\" loading=\"lazy\" decoding=\"async\" width=\"1024\" height=\"650\" data-attachment-id=\"1217\" data-permalink=\"https:\/\/embajadahaiti.cl\/web\/lambassadeur-wedlyne-francois-pierre-sest-entretenu-avec-des-representantes-de-plusieurs-groupes-de-femmes-haitiennes-qui-evoluent-dans-divers-domaines-dactivites-au-chili\/t\/\" data-orig-file=\"https:\/\/i0.wp.com\/embajadahaiti.cl\/web\/wp-content\/uploads\/2022\/04\/t.jpg?fit=1381%2C876&amp;ssl=1\" data-orig-size=\"1381,876\" data-comments-opened=\"0\" data-image-meta=\"{&quot;aperture&quot;:&quot;0&quot;,&quot;credit&quot;:&quot;&quot;,&quot;camera&quot;:&quot;&quot;,&quot;caption&quot;:&quot;&quot;,&quot;created_timestamp&quot;:&quot;1649519192&quot;,&quot;copyright&quot;:&quot;&quot;,&quot;focal_length&quot;:&quot;0&quot;,&quot;iso&quot;:&quot;0&quot;,&quot;shutter_speed&quot;:&quot;0&quot;,&quot;title&quot;:&quot;&quot;,&quot;orientation&quot;:&quot;0&quot;}\" data-image-title=\"t\" data-image-description=\"\" data-image-caption=\"\" data-medium-file=\"https:\/\/i0.wp.com\/embajadahaiti.cl\/web\/wp-content\/uploads\/2022\/04\/t.jpg?fit=300%2C190&amp;ssl=1\" data-large-file=\"https:\/\/i0.wp.com\/embajadahaiti.cl\/web\/wp-content\/uploads\/2022\/04\/t.jpg?fit=1024%2C650&amp;ssl=1\" src=\"https:\/\/i0.wp.com\/embajadahaiti.cl\/web\/wp-content\/uploads\/2022\/04\/t.jpg?resize=1024%2C650&#038;ssl=1\" alt=\"\" data-id=\"1217\" data-full-url=\"https:\/\/embajadahaiti.cl\/web\/wp-content\/uploads\/2022\/04\/t.jpg\" data-link=\"https:\/\/embajadahaiti.cl\/web\/?attachment_id=1217\" class=\"wp-image-1217\" srcset=\"https:\/\/i0.wp.com\/embajadahaiti.cl\/web\/wp-content\/uploads\/2022\/04\/t.jpg?resize=1024%2C650&amp;ssl=1 1024w, https:\/\/i0.wp.com\/embajadahaiti.cl\/web\/wp-content\/uploads\/2022\/04\/t.jpg?resize=300%2C190&amp;ssl=1 300w, https:\/\/i0.wp.com\/embajadahaiti.cl\/web\/wp-content\/uploads\/2022\/04\/t.jpg?resize=768%2C487&amp;ssl=1 768w, https:\/\/i0.wp.com\/embajadahaiti.cl\/web\/wp-content\/uploads\/2022\/04\/t.jpg?resize=230%2C146&amp;ssl=1 230w, https:\/\/i0.wp.com\/embajadahaiti.cl\/web\/wp-content\/uploads\/2022\/04\/t.jpg?resize=50%2C32&amp;ssl=1 50w, https:\/\/i0.wp.com\/embajadahaiti.cl\/web\/wp-content\/uploads\/2022\/04\/t.jpg?resize=118%2C75&amp;ssl=1 118w, https:\/\/i0.wp.com\/embajadahaiti.cl\/web\/wp-content\/uploads\/2022\/04\/t.jpg?w=1381&amp;ssl=1 1381w\" sizes=\"auto, (max-width:767px) 480px, (max-width:1024px) 100vw, 1024px\" \/><\/a><\/figure><\/li><\/ul><\/figure>\n<\/div>\n<\/div>\n\n\n\n<p><\/p>\n","protected":false},"excerpt":{"rendered":"<p>Le samedi 9 avril 2022, l&#8217;Ambassadeur Wedlyne Fran\u00e7ois Pierre s&#8217;est entretenue avec des repr\u00e9sentantes de plusieurs groupes de femmes ha\u00eftiennes qui \u00e9voluent dans divers domaines d&#8217;activit\u00e9s<span class=\"excerpt-hellip\"> [\u2026]<\/span><\/p>\n","protected":false},"author":1,"featured_media":1217,"comment_status":"closed","ping_status":"closed","sticky":false,"template":"","format":"standard","meta":{"_jetpack_memberships_contains_paid_content":false,"footnotes":""},"categories":[91],"tags":[],"class_list":["post-1216","post","type-post","status-publish","format-standard","has-post-thumbnail","hentry","category-haiti"],"jetpack_featured_media_url":"https:\/\/i0.wp.com\/embajadahaiti.cl\/web\/wp-content\/uploads\/2022\/04\/t.jpg?fit=1381%2C876&ssl=1","jetpack_sharing_enabled":true,"_links":{"self":[{"href":"https:\/\/embajadahaiti.cl\/web\/wp-json\/wp\/v2\/posts\/1216","targetHints":{"allow":["GET"]}}],"collection":[{"href":"https:\/\/embajadahaiti.cl\/web\/wp-json\/wp\/v2\/posts"}],"about":[{"href":"https:\/\/embajadahaiti.cl\/web\/wp-json\/wp\/v2\/types\/post"}],"author":[{"embeddable":true,"href":"https:\/\/embajadahaiti.cl\/web\/wp-json\/wp\/v2\/users\/1"}],"replies":[{"embeddable":true,"href":"https:\/\/embajadahaiti.cl\/web\/wp-json\/wp\/v2\/comments?post=1216"}],"version-history":[{"count":4,"href":"https:\/\/embajadahaiti.cl\/web\/wp-json\/wp\/v2\/posts\/1216\/revisions"}],"predecessor-version":[{"id":1245,"href":"https:\/\/embajadahaiti.cl\/web\/wp-json\/wp\/v2\/posts\/1216\/revisions\/1245"}],"wp:featuredmedia":[{"embeddable":true,"href":"https:\/\/embajadahaiti.cl\/web\/wp-json\/wp\/v2\/media\/1217"}],"wp:attachment":[{"href":"https:\/\/embajadahaiti.cl\/web\/wp-json\/wp\/v2\/media?parent=1216"}],"wp:term":[{"taxonomy":"category","embeddable":true,"href":"https:\/\/embajadahaiti.cl\/web\/wp-json\/wp\/v2\/categories?post=1216"},{"taxonomy":"post_tag","embeddable":true,"href":"https:\/\/embajadahaiti.cl\/web\/wp-json\/wp\/v2\/tags?post=1216"}],"curies":[{"name":"wp","href":"https:\/\/api.w.org\/{rel}","templated":true}]}}