{"id":1209,"date":"2022-04-21T14:53:21","date_gmt":"2022-04-21T14:53:21","guid":{"rendered":"https:\/\/embajadahaiti.cl\/web\/?p=1209"},"modified":"2022-04-21T14:54:05","modified_gmt":"2022-04-21T14:54:05","slug":"foire-artisanale-francophone-dans-le-cadre-de-la-quinzaine-de-la-francophonie-au-chili","status":"publish","type":"post","link":"https:\/\/embajadahaiti.cl\/web\/foire-artisanale-francophone-dans-le-cadre-de-la-quinzaine-de-la-francophonie-au-chili\/","title":{"rendered":"Foire artisanale francophone dans le cadre de la quinzaine de la francophonie au Chili"},"content":{"rendered":"\n<div class=\"wp-block-columns is-layout-flex wp-container-core-columns-is-layout-9d6595d7 wp-block-columns-is-layout-flex\">\n<div class=\"wp-block-column is-layout-flow wp-block-column-is-layout-flow\">\n<h2 class=\"has-medium-font-size wp-block-heading\">Le mercredi 30 mars 2022, Ha\u00efti a particip\u00e9 \u00e0 la foire artisanale francophone dans le cadre de la quinzaine de la francophonie au Chili. A l&#8217;occasion, l\u2019Ambassade de la R\u00e9publique d\u2019Ha\u00efti au Chili a contribu\u00e9 dans l\u2019exposition d\u2019ouvrages d&#8217;auteurs ha\u00eftiens traduits en espagnol et dans la promotion de produits artisanaux ha\u00eftiens. <\/h2>\n\n\n\n<h2 class=\"has-medium-font-size wp-block-heading\">Cette foire qui a \u00e9t\u00e9 un v\u00e9ritable brassage culturel, a bel et bien constitu\u00e9 une vitrine o\u00f9 la diplomatie ha\u00eftienne d\u00e9ploy\u00e9e au Chili a offert une pr\u00e9sentation des plus enrichissantes de la culture ha\u00eftienne.  <\/h2>\n\n\n\n<p><\/p>\n<\/div>\n\n\n\n<div class=\"wp-block-column is-layout-flow wp-block-column-is-layout-flow\">\n<figure class=\"wp-block-gallery columns-2 is-cropped wp-block-gallery-1 is-layout-flex wp-block-gallery-is-layout-flex\"><ul class=\"blocks-gallery-grid\"><li class=\"blocks-gallery-item\"><figure><a href=\"https:\/\/i0.wp.com\/embajadahaiti.cl\/web\/wp-content\/uploads\/2022\/04\/texte-2-photo-2.jpg?ssl=1\"><img data-recalc-dims=\"1\" loading=\"lazy\" decoding=\"async\" width=\"800\" height=\"533\" data-attachment-id=\"1210\" data-permalink=\"https:\/\/embajadahaiti.cl\/web\/foire-artisanale-francophone-dans-le-cadre-de-la-quinzaine-de-la-francophonie-au-chili\/texte-2-photo-2\/\" data-orig-file=\"https:\/\/i0.wp.com\/embajadahaiti.cl\/web\/wp-content\/uploads\/2022\/04\/texte-2-photo-2.jpg?fit=800%2C533&amp;ssl=1\" data-orig-size=\"800,533\" data-comments-opened=\"0\" data-image-meta=\"{&quot;aperture&quot;:&quot;0&quot;,&quot;credit&quot;:&quot;Nico Munizaga&quot;,&quot;camera&quot;:&quot;&quot;,&quot;caption&quot;:&quot;&quot;,&quot;created_timestamp&quot;:&quot;1648564942&quot;,&quot;copyright&quot;:&quot;&quot;,&quot;focal_length&quot;:&quot;0&quot;,&quot;iso&quot;:&quot;0&quot;,&quot;shutter_speed&quot;:&quot;0&quot;,&quot;title&quot;:&quot;&quot;,&quot;orientation&quot;:&quot;0&quot;}\" data-image-title=\"texte 2 photo 2\" data-image-description=\"\" data-image-caption=\"\" data-medium-file=\"https:\/\/i0.wp.com\/embajadahaiti.cl\/web\/wp-content\/uploads\/2022\/04\/texte-2-photo-2.jpg?fit=300%2C200&amp;ssl=1\" data-large-file=\"https:\/\/i0.wp.com\/embajadahaiti.cl\/web\/wp-content\/uploads\/2022\/04\/texte-2-photo-2.jpg?fit=800%2C533&amp;ssl=1\" src=\"https:\/\/i0.wp.com\/embajadahaiti.cl\/web\/wp-content\/uploads\/2022\/04\/texte-2-photo-2.jpg?resize=800%2C533&#038;ssl=1\" alt=\"\" data-id=\"1210\" data-full-url=\"https:\/\/embajadahaiti.cl\/web\/wp-content\/uploads\/2022\/04\/texte-2-photo-2.jpg\" data-link=\"https:\/\/embajadahaiti.cl\/web\/?attachment_id=1210\" class=\"wp-image-1210\" srcset=\"https:\/\/i0.wp.com\/embajadahaiti.cl\/web\/wp-content\/uploads\/2022\/04\/texte-2-photo-2.jpg?w=800&amp;ssl=1 800w, https:\/\/i0.wp.com\/embajadahaiti.cl\/web\/wp-content\/uploads\/2022\/04\/texte-2-photo-2.jpg?resize=300%2C200&amp;ssl=1 300w, https:\/\/i0.wp.com\/embajadahaiti.cl\/web\/wp-content\/uploads\/2022\/04\/texte-2-photo-2.jpg?resize=768%2C512&amp;ssl=1 768w, https:\/\/i0.wp.com\/embajadahaiti.cl\/web\/wp-content\/uploads\/2022\/04\/texte-2-photo-2.jpg?resize=219%2C146&amp;ssl=1 219w, https:\/\/i0.wp.com\/embajadahaiti.cl\/web\/wp-content\/uploads\/2022\/04\/texte-2-photo-2.jpg?resize=50%2C33&amp;ssl=1 50w, https:\/\/i0.wp.com\/embajadahaiti.cl\/web\/wp-content\/uploads\/2022\/04\/texte-2-photo-2.jpg?resize=113%2C75&amp;ssl=1 113w\" sizes=\"auto, (max-width:767px) 480px, (max-width:800px) 100vw, 800px\" \/><\/a><\/figure><\/li><li class=\"blocks-gallery-item\"><figure><a href=\"https:\/\/i0.wp.com\/embajadahaiti.cl\/web\/wp-content\/uploads\/2022\/04\/Texte2-photo2.jpg?ssl=1\"><img data-recalc-dims=\"1\" loading=\"lazy\" decoding=\"async\" width=\"800\" height=\"553\" data-attachment-id=\"1211\" data-permalink=\"https:\/\/embajadahaiti.cl\/web\/foire-artisanale-francophone-dans-le-cadre-de-la-quinzaine-de-la-francophonie-au-chili\/texte2-photo2\/\" data-orig-file=\"https:\/\/i0.wp.com\/embajadahaiti.cl\/web\/wp-content\/uploads\/2022\/04\/Texte2-photo2.jpg?fit=800%2C553&amp;ssl=1\" data-orig-size=\"800,553\" data-comments-opened=\"0\" data-image-meta=\"{&quot;aperture&quot;:&quot;0&quot;,&quot;credit&quot;:&quot;Nico Munizaga&quot;,&quot;camera&quot;:&quot;&quot;,&quot;caption&quot;:&quot;&quot;,&quot;created_timestamp&quot;:&quot;1648566413&quot;,&quot;copyright&quot;:&quot;&quot;,&quot;focal_length&quot;:&quot;0&quot;,&quot;iso&quot;:&quot;0&quot;,&quot;shutter_speed&quot;:&quot;0&quot;,&quot;title&quot;:&quot;&quot;,&quot;orientation&quot;:&quot;0&quot;}\" data-image-title=\"Texte2 photo2\" data-image-description=\"\" data-image-caption=\"\" data-medium-file=\"https:\/\/i0.wp.com\/embajadahaiti.cl\/web\/wp-content\/uploads\/2022\/04\/Texte2-photo2.jpg?fit=300%2C207&amp;ssl=1\" data-large-file=\"https:\/\/i0.wp.com\/embajadahaiti.cl\/web\/wp-content\/uploads\/2022\/04\/Texte2-photo2.jpg?fit=800%2C553&amp;ssl=1\" src=\"https:\/\/i0.wp.com\/embajadahaiti.cl\/web\/wp-content\/uploads\/2022\/04\/Texte2-photo2.jpg?resize=800%2C553&#038;ssl=1\" alt=\"\" data-id=\"1211\" data-full-url=\"https:\/\/embajadahaiti.cl\/web\/wp-content\/uploads\/2022\/04\/Texte2-photo2.jpg\" data-link=\"https:\/\/embajadahaiti.cl\/web\/?attachment_id=1211\" class=\"wp-image-1211\" srcset=\"https:\/\/i0.wp.com\/embajadahaiti.cl\/web\/wp-content\/uploads\/2022\/04\/Texte2-photo2.jpg?w=800&amp;ssl=1 800w, https:\/\/i0.wp.com\/embajadahaiti.cl\/web\/wp-content\/uploads\/2022\/04\/Texte2-photo2.jpg?resize=300%2C207&amp;ssl=1 300w, https:\/\/i0.wp.com\/embajadahaiti.cl\/web\/wp-content\/uploads\/2022\/04\/Texte2-photo2.jpg?resize=768%2C531&amp;ssl=1 768w, https:\/\/i0.wp.com\/embajadahaiti.cl\/web\/wp-content\/uploads\/2022\/04\/Texte2-photo2.jpg?resize=211%2C146&amp;ssl=1 211w, https:\/\/i0.wp.com\/embajadahaiti.cl\/web\/wp-content\/uploads\/2022\/04\/Texte2-photo2.jpg?resize=50%2C35&amp;ssl=1 50w, https:\/\/i0.wp.com\/embajadahaiti.cl\/web\/wp-content\/uploads\/2022\/04\/Texte2-photo2.jpg?resize=108%2C75&amp;ssl=1 108w\" sizes=\"auto, (max-width:767px) 480px, (max-width:800px) 100vw, 800px\" \/><\/a><\/figure><\/li><\/ul><\/figure>\n<\/div>\n<\/div>\n","protected":false},"excerpt":{"rendered":"<p>Le mercredi 30 mars 2022, Ha\u00efti a particip\u00e9 \u00e0 la foire artisanale francophone dans le cadre de la quinzaine de la francophonie au Chili. A l&#8217;occasion,<span class=\"excerpt-hellip\"> [\u2026]<\/span><\/p>\n","protected":false},"author":1,"featured_media":1210,"comment_status":"closed","ping_status":"closed","sticky":false,"template":"","format":"standard","meta":{"_jetpack_memberships_contains_paid_content":false,"footnotes":""},"categories":[91],"tags":[],"class_list":["post-1209","post","type-post","status-publish","format-standard","has-post-thumbnail","hentry","category-haiti"],"jetpack_featured_media_url":"https:\/\/i0.wp.com\/embajadahaiti.cl\/web\/wp-content\/uploads\/2022\/04\/texte-2-photo-2.jpg?fit=800%2C533&ssl=1","jetpack_sharing_enabled":true,"_links":{"self":[{"href":"https:\/\/embajadahaiti.cl\/web\/wp-json\/wp\/v2\/posts\/1209","targetHints":{"allow":["GET"]}}],"collection":[{"href":"https:\/\/embajadahaiti.cl\/web\/wp-json\/wp\/v2\/posts"}],"about":[{"href":"https:\/\/embajadahaiti.cl\/web\/wp-json\/wp\/v2\/types\/post"}],"author":[{"embeddable":true,"href":"https:\/\/embajadahaiti.cl\/web\/wp-json\/wp\/v2\/users\/1"}],"replies":[{"embeddable":true,"href":"https:\/\/embajadahaiti.cl\/web\/wp-json\/wp\/v2\/comments?post=1209"}],"version-history":[{"count":2,"href":"https:\/\/embajadahaiti.cl\/web\/wp-json\/wp\/v2\/posts\/1209\/revisions"}],"predecessor-version":[{"id":1213,"href":"https:\/\/embajadahaiti.cl\/web\/wp-json\/wp\/v2\/posts\/1209\/revisions\/1213"}],"wp:featuredmedia":[{"embeddable":true,"href":"https:\/\/embajadahaiti.cl\/web\/wp-json\/wp\/v2\/media\/1210"}],"wp:attachment":[{"href":"https:\/\/embajadahaiti.cl\/web\/wp-json\/wp\/v2\/media?parent=1209"}],"wp:term":[{"taxonomy":"category","embeddable":true,"href":"https:\/\/embajadahaiti.cl\/web\/wp-json\/wp\/v2\/categories?post=1209"},{"taxonomy":"post_tag","embeddable":true,"href":"https:\/\/embajadahaiti.cl\/web\/wp-json\/wp\/v2\/tags?post=1209"}],"curies":[{"name":"wp","href":"https:\/\/api.w.org\/{rel}","templated":true}]}}