{"id":1203,"date":"2022-04-21T14:44:42","date_gmt":"2022-04-21T14:44:42","guid":{"rendered":"https:\/\/embajadahaiti.cl\/web\/?p=1203"},"modified":"2022-04-21T14:44:44","modified_gmt":"2022-04-21T14:44:44","slug":"lancement-de-la-quinzaine-de-la-francophonie-au-chili","status":"publish","type":"post","link":"https:\/\/embajadahaiti.cl\/web\/lancement-de-la-quinzaine-de-la-francophonie-au-chili\/","title":{"rendered":"Lancement de la quinzaine de la Francophonie au Chili"},"content":{"rendered":"\n<div class=\"wp-block-columns is-layout-flex wp-container-core-columns-is-layout-9d6595d7 wp-block-columns-is-layout-flex\">\n<div class=\"wp-block-column is-layout-flow wp-block-column-is-layout-flow\">\n<h2 class=\"has-medium-font-size wp-block-heading\">Le jeudi 24 mars 2022 a marqu\u00e9 le lancement de la quinzaine de la Francophonie au Chili. Pour l&#8217;occasion, les repr\u00e9sentants diplomatiques de l&#8217;ensemble des pays francophones accr\u00e9dit\u00e9s au Chili se sont joints pour r\u00e9it\u00e9rer la beaut\u00e9 de la diversit\u00e9 et de la pluralit\u00e9 au sein de la communaut\u00e9 francophone.<\/h2>\n<\/div>\n\n\n\n<div class=\"wp-block-column is-layout-flow wp-block-column-is-layout-flow\">\n<figure class=\"wp-block-gallery columns-2 is-cropped wp-block-gallery-1 is-layout-flex wp-block-gallery-is-layout-flex\"><ul class=\"blocks-gallery-grid\"><li class=\"blocks-gallery-item\"><figure><a href=\"https:\/\/i0.wp.com\/embajadahaiti.cl\/web\/wp-content\/uploads\/2022\/04\/texxte-1-photo-1.jpg?ssl=1\"><img data-recalc-dims=\"1\" loading=\"lazy\" decoding=\"async\" width=\"800\" height=\"507\" data-attachment-id=\"1205\" data-permalink=\"https:\/\/embajadahaiti.cl\/web\/lancement-de-la-quinzaine-de-la-francophonie-au-chili\/texxte-1-photo-1\/\" data-orig-file=\"https:\/\/i0.wp.com\/embajadahaiti.cl\/web\/wp-content\/uploads\/2022\/04\/texxte-1-photo-1.jpg?fit=800%2C507&amp;ssl=1\" data-orig-size=\"800,507\" data-comments-opened=\"0\" data-image-meta=\"{&quot;aperture&quot;:&quot;0&quot;,&quot;credit&quot;:&quot;&quot;,&quot;camera&quot;:&quot;&quot;,&quot;caption&quot;:&quot;&quot;,&quot;created_timestamp&quot;:&quot;1648155960&quot;,&quot;copyright&quot;:&quot;&quot;,&quot;focal_length&quot;:&quot;0&quot;,&quot;iso&quot;:&quot;0&quot;,&quot;shutter_speed&quot;:&quot;0&quot;,&quot;title&quot;:&quot;&quot;,&quot;orientation&quot;:&quot;0&quot;}\" data-image-title=\"texxte-1-photo-1\" data-image-description=\"\" data-image-caption=\"\" data-medium-file=\"https:\/\/i0.wp.com\/embajadahaiti.cl\/web\/wp-content\/uploads\/2022\/04\/texxte-1-photo-1.jpg?fit=300%2C190&amp;ssl=1\" data-large-file=\"https:\/\/i0.wp.com\/embajadahaiti.cl\/web\/wp-content\/uploads\/2022\/04\/texxte-1-photo-1.jpg?fit=800%2C507&amp;ssl=1\" src=\"https:\/\/i0.wp.com\/embajadahaiti.cl\/web\/wp-content\/uploads\/2022\/04\/texxte-1-photo-1.jpg?resize=800%2C507&#038;ssl=1\" alt=\"\" data-id=\"1205\" data-full-url=\"https:\/\/embajadahaiti.cl\/web\/wp-content\/uploads\/2022\/04\/texxte-1-photo-1.jpg\" data-link=\"https:\/\/embajadahaiti.cl\/web\/?attachment_id=1205\" class=\"wp-image-1205\" srcset=\"https:\/\/i0.wp.com\/embajadahaiti.cl\/web\/wp-content\/uploads\/2022\/04\/texxte-1-photo-1.jpg?w=800&amp;ssl=1 800w, https:\/\/i0.wp.com\/embajadahaiti.cl\/web\/wp-content\/uploads\/2022\/04\/texxte-1-photo-1.jpg?resize=300%2C190&amp;ssl=1 300w, https:\/\/i0.wp.com\/embajadahaiti.cl\/web\/wp-content\/uploads\/2022\/04\/texxte-1-photo-1.jpg?resize=768%2C487&amp;ssl=1 768w, https:\/\/i0.wp.com\/embajadahaiti.cl\/web\/wp-content\/uploads\/2022\/04\/texxte-1-photo-1.jpg?resize=230%2C146&amp;ssl=1 230w, https:\/\/i0.wp.com\/embajadahaiti.cl\/web\/wp-content\/uploads\/2022\/04\/texxte-1-photo-1.jpg?resize=50%2C32&amp;ssl=1 50w, https:\/\/i0.wp.com\/embajadahaiti.cl\/web\/wp-content\/uploads\/2022\/04\/texxte-1-photo-1.jpg?resize=118%2C75&amp;ssl=1 118w\" sizes=\"auto, (max-width:767px) 480px, (max-width:800px) 100vw, 800px\" \/><\/a><\/figure><\/li><li class=\"blocks-gallery-item\"><figure><a href=\"https:\/\/i0.wp.com\/embajadahaiti.cl\/web\/wp-content\/uploads\/2022\/04\/texte-1-photo-1.jpg?ssl=1\"><img data-recalc-dims=\"1\" loading=\"lazy\" decoding=\"async\" width=\"800\" height=\"533\" data-attachment-id=\"1204\" data-permalink=\"https:\/\/embajadahaiti.cl\/web\/lancement-de-la-quinzaine-de-la-francophonie-au-chili\/texte-1-photo-1\/\" data-orig-file=\"https:\/\/i0.wp.com\/embajadahaiti.cl\/web\/wp-content\/uploads\/2022\/04\/texte-1-photo-1.jpg?fit=800%2C533&amp;ssl=1\" data-orig-size=\"800,533\" data-comments-opened=\"0\" data-image-meta=\"{&quot;aperture&quot;:&quot;0&quot;,&quot;credit&quot;:&quot;&quot;,&quot;camera&quot;:&quot;&quot;,&quot;caption&quot;:&quot;&quot;,&quot;created_timestamp&quot;:&quot;1648149130&quot;,&quot;copyright&quot;:&quot;&quot;,&quot;focal_length&quot;:&quot;0&quot;,&quot;iso&quot;:&quot;0&quot;,&quot;shutter_speed&quot;:&quot;0&quot;,&quot;title&quot;:&quot;&quot;,&quot;orientation&quot;:&quot;0&quot;}\" data-image-title=\"texte 1 photo 1\" data-image-description=\"\" data-image-caption=\"\" data-medium-file=\"https:\/\/i0.wp.com\/embajadahaiti.cl\/web\/wp-content\/uploads\/2022\/04\/texte-1-photo-1.jpg?fit=300%2C200&amp;ssl=1\" data-large-file=\"https:\/\/i0.wp.com\/embajadahaiti.cl\/web\/wp-content\/uploads\/2022\/04\/texte-1-photo-1.jpg?fit=800%2C533&amp;ssl=1\" src=\"https:\/\/i0.wp.com\/embajadahaiti.cl\/web\/wp-content\/uploads\/2022\/04\/texte-1-photo-1.jpg?resize=800%2C533&#038;ssl=1\" alt=\"\" data-id=\"1204\" data-full-url=\"https:\/\/embajadahaiti.cl\/web\/wp-content\/uploads\/2022\/04\/texte-1-photo-1.jpg\" data-link=\"https:\/\/embajadahaiti.cl\/web\/?attachment_id=1204\" class=\"wp-image-1204\" srcset=\"https:\/\/i0.wp.com\/embajadahaiti.cl\/web\/wp-content\/uploads\/2022\/04\/texte-1-photo-1.jpg?w=800&amp;ssl=1 800w, https:\/\/i0.wp.com\/embajadahaiti.cl\/web\/wp-content\/uploads\/2022\/04\/texte-1-photo-1.jpg?resize=300%2C200&amp;ssl=1 300w, https:\/\/i0.wp.com\/embajadahaiti.cl\/web\/wp-content\/uploads\/2022\/04\/texte-1-photo-1.jpg?resize=768%2C512&amp;ssl=1 768w, https:\/\/i0.wp.com\/embajadahaiti.cl\/web\/wp-content\/uploads\/2022\/04\/texte-1-photo-1.jpg?resize=219%2C146&amp;ssl=1 219w, https:\/\/i0.wp.com\/embajadahaiti.cl\/web\/wp-content\/uploads\/2022\/04\/texte-1-photo-1.jpg?resize=50%2C33&amp;ssl=1 50w, https:\/\/i0.wp.com\/embajadahaiti.cl\/web\/wp-content\/uploads\/2022\/04\/texte-1-photo-1.jpg?resize=113%2C75&amp;ssl=1 113w\" sizes=\"auto, (max-width:767px) 480px, (max-width:800px) 100vw, 800px\" \/><\/a><\/figure><\/li><\/ul><\/figure>\n<\/div>\n<\/div>\n","protected":false},"excerpt":{"rendered":"<p>Le jeudi 24 mars 2022 a marqu\u00e9 le lancement de la quinzaine de la Francophonie au Chili. Pour l&#8217;occasion, les repr\u00e9sentants diplomatiques de l&#8217;ensemble des pays<span class=\"excerpt-hellip\"> [\u2026]<\/span><\/p>\n","protected":false},"author":1,"featured_media":1204,"comment_status":"closed","ping_status":"closed","sticky":false,"template":"","format":"standard","meta":{"_jetpack_memberships_contains_paid_content":false,"footnotes":""},"categories":[91],"tags":[],"class_list":["post-1203","post","type-post","status-publish","format-standard","has-post-thumbnail","hentry","category-haiti"],"jetpack_featured_media_url":"https:\/\/i0.wp.com\/embajadahaiti.cl\/web\/wp-content\/uploads\/2022\/04\/texte-1-photo-1.jpg?fit=800%2C533&ssl=1","jetpack_sharing_enabled":true,"_links":{"self":[{"href":"https:\/\/embajadahaiti.cl\/web\/wp-json\/wp\/v2\/posts\/1203","targetHints":{"allow":["GET"]}}],"collection":[{"href":"https:\/\/embajadahaiti.cl\/web\/wp-json\/wp\/v2\/posts"}],"about":[{"href":"https:\/\/embajadahaiti.cl\/web\/wp-json\/wp\/v2\/types\/post"}],"author":[{"embeddable":true,"href":"https:\/\/embajadahaiti.cl\/web\/wp-json\/wp\/v2\/users\/1"}],"replies":[{"embeddable":true,"href":"https:\/\/embajadahaiti.cl\/web\/wp-json\/wp\/v2\/comments?post=1203"}],"version-history":[{"count":1,"href":"https:\/\/embajadahaiti.cl\/web\/wp-json\/wp\/v2\/posts\/1203\/revisions"}],"predecessor-version":[{"id":1206,"href":"https:\/\/embajadahaiti.cl\/web\/wp-json\/wp\/v2\/posts\/1203\/revisions\/1206"}],"wp:featuredmedia":[{"embeddable":true,"href":"https:\/\/embajadahaiti.cl\/web\/wp-json\/wp\/v2\/media\/1204"}],"wp:attachment":[{"href":"https:\/\/embajadahaiti.cl\/web\/wp-json\/wp\/v2\/media?parent=1203"}],"wp:term":[{"taxonomy":"category","embeddable":true,"href":"https:\/\/embajadahaiti.cl\/web\/wp-json\/wp\/v2\/categories?post=1203"},{"taxonomy":"post_tag","embeddable":true,"href":"https:\/\/embajadahaiti.cl\/web\/wp-json\/wp\/v2\/tags?post=1203"}],"curies":[{"name":"wp","href":"https:\/\/api.w.org\/{rel}","templated":true}]}}