{"id":1116,"date":"2022-01-19T00:56:19","date_gmt":"2022-01-19T00:56:19","guid":{"rendered":"https:\/\/embajadahaiti.cl\/web\/?p=1116"},"modified":"2022-01-19T00:56:20","modified_gmt":"2022-01-19T00:56:20","slug":"lambassadeur-wedlyne-francois-pierre-a-rencontre-le-jeudi-30-decembre-2021-le-recteur-de-luniversite-catholique-de-chili-dr-ignacio-sanchez","status":"publish","type":"post","link":"https:\/\/embajadahaiti.cl\/web\/lambassadeur-wedlyne-francois-pierre-a-rencontre-le-jeudi-30-decembre-2021-le-recteur-de-luniversite-catholique-de-chili-dr-ignacio-sanchez\/","title":{"rendered":"L&#8217;Ambassadeur Wedlyne Fran\u00e7ois Pierre a rencontr\u00e9, le jeudi 30 d\u00e9cembre 2021, le Recteur de l\u2019Universit\u00e9 Catholique de Chili, Dr Ignacio Sanchez."},"content":{"rendered":"\n<div class=\"wp-block-columns is-layout-flex wp-container-core-columns-is-layout-9d6595d7 wp-block-columns-is-layout-flex\">\n<div class=\"wp-block-column is-layout-flow wp-block-column-is-layout-flow\">\n<h2 class=\"has-medium-font-size wp-block-heading\">L&#8217;Ambassadeur Wedlyne Fran\u00e7ois Pierre a rencontr\u00e9, le jeudi 30 d\u00e9cembre 2021, le Recteur de l\u2019Universit\u00e9 Catholique de Chili, Dr Ignacio Sanchez. Des possibilit\u00e9s de coop\u00e9ration acad\u00e9mique ont \u00e9t\u00e9 discut\u00e9es au cours de cette r\u00e9union.<\/h2>\n<\/div>\n\n\n\n<div class=\"wp-block-column is-layout-flow wp-block-column-is-layout-flow\">\n<figure class=\"wp-block-image size-large\"><img data-recalc-dims=\"1\" loading=\"lazy\" decoding=\"async\" width=\"1024\" height=\"683\" data-attachment-id=\"1117\" data-permalink=\"https:\/\/embajadahaiti.cl\/web\/lambassadeur-wedlyne-francois-pierre-a-rencontre-le-jeudi-30-decembre-2021-le-recteur-de-luniversite-catholique-de-chili-dr-ignacio-sanchez\/post-1\/\" data-orig-file=\"https:\/\/i0.wp.com\/embajadahaiti.cl\/web\/wp-content\/uploads\/2022\/01\/post-1.jpg?fit=1800%2C1200&amp;ssl=1\" data-orig-size=\"1800,1200\" data-comments-opened=\"0\" data-image-meta=\"{&quot;aperture&quot;:&quot;0&quot;,&quot;credit&quot;:&quot;&quot;,&quot;camera&quot;:&quot;&quot;,&quot;caption&quot;:&quot;&quot;,&quot;created_timestamp&quot;:&quot;0&quot;,&quot;copyright&quot;:&quot;&quot;,&quot;focal_length&quot;:&quot;0&quot;,&quot;iso&quot;:&quot;0&quot;,&quot;shutter_speed&quot;:&quot;0&quot;,&quot;title&quot;:&quot;&quot;,&quot;orientation&quot;:&quot;0&quot;}\" data-image-title=\"post 1\" data-image-description=\"\" data-image-caption=\"\" data-medium-file=\"https:\/\/i0.wp.com\/embajadahaiti.cl\/web\/wp-content\/uploads\/2022\/01\/post-1.jpg?fit=300%2C200&amp;ssl=1\" data-large-file=\"https:\/\/i0.wp.com\/embajadahaiti.cl\/web\/wp-content\/uploads\/2022\/01\/post-1.jpg?fit=1024%2C683&amp;ssl=1\" src=\"https:\/\/i0.wp.com\/embajadahaiti.cl\/web\/wp-content\/uploads\/2022\/01\/post-1.jpg?resize=1024%2C683&#038;ssl=1\" alt=\"\" class=\"wp-image-1117\" srcset=\"https:\/\/i0.wp.com\/embajadahaiti.cl\/web\/wp-content\/uploads\/2022\/01\/post-1.jpg?resize=1024%2C683&amp;ssl=1 1024w, https:\/\/i0.wp.com\/embajadahaiti.cl\/web\/wp-content\/uploads\/2022\/01\/post-1.jpg?resize=300%2C200&amp;ssl=1 300w, https:\/\/i0.wp.com\/embajadahaiti.cl\/web\/wp-content\/uploads\/2022\/01\/post-1.jpg?resize=768%2C512&amp;ssl=1 768w, https:\/\/i0.wp.com\/embajadahaiti.cl\/web\/wp-content\/uploads\/2022\/01\/post-1.jpg?resize=1536%2C1024&amp;ssl=1 1536w, https:\/\/i0.wp.com\/embajadahaiti.cl\/web\/wp-content\/uploads\/2022\/01\/post-1.jpg?resize=219%2C146&amp;ssl=1 219w, https:\/\/i0.wp.com\/embajadahaiti.cl\/web\/wp-content\/uploads\/2022\/01\/post-1.jpg?resize=50%2C33&amp;ssl=1 50w, https:\/\/i0.wp.com\/embajadahaiti.cl\/web\/wp-content\/uploads\/2022\/01\/post-1.jpg?resize=113%2C75&amp;ssl=1 113w, https:\/\/i0.wp.com\/embajadahaiti.cl\/web\/wp-content\/uploads\/2022\/01\/post-1.jpg?w=1800&amp;ssl=1 1800w\" sizes=\"auto, (max-width:767px) 480px, (max-width:1024px) 100vw, 1024px\" \/><\/figure>\n<\/div>\n<\/div>\n","protected":false},"excerpt":{"rendered":"<p>L&#8217;Ambassadeur Wedlyne Fran\u00e7ois Pierre a rencontr\u00e9, le jeudi 30 d\u00e9cembre 2021, le Recteur de l\u2019Universit\u00e9 Catholique de Chili, Dr Ignacio Sanchez. Des possibilit\u00e9s de coop\u00e9ration acad\u00e9mique<span class=\"excerpt-hellip\"> [\u2026]<\/span><\/p>\n","protected":false},"author":1,"featured_media":1117,"comment_status":"closed","ping_status":"closed","sticky":false,"template":"","format":"standard","meta":{"_jetpack_memberships_contains_paid_content":false,"footnotes":""},"categories":[91],"tags":[],"class_list":["post-1116","post","type-post","status-publish","format-standard","has-post-thumbnail","hentry","category-haiti"],"jetpack_featured_media_url":"https:\/\/i0.wp.com\/embajadahaiti.cl\/web\/wp-content\/uploads\/2022\/01\/post-1.jpg?fit=1800%2C1200&ssl=1","jetpack_sharing_enabled":true,"_links":{"self":[{"href":"https:\/\/embajadahaiti.cl\/web\/wp-json\/wp\/v2\/posts\/1116","targetHints":{"allow":["GET"]}}],"collection":[{"href":"https:\/\/embajadahaiti.cl\/web\/wp-json\/wp\/v2\/posts"}],"about":[{"href":"https:\/\/embajadahaiti.cl\/web\/wp-json\/wp\/v2\/types\/post"}],"author":[{"embeddable":true,"href":"https:\/\/embajadahaiti.cl\/web\/wp-json\/wp\/v2\/users\/1"}],"replies":[{"embeddable":true,"href":"https:\/\/embajadahaiti.cl\/web\/wp-json\/wp\/v2\/comments?post=1116"}],"version-history":[{"count":1,"href":"https:\/\/embajadahaiti.cl\/web\/wp-json\/wp\/v2\/posts\/1116\/revisions"}],"predecessor-version":[{"id":1118,"href":"https:\/\/embajadahaiti.cl\/web\/wp-json\/wp\/v2\/posts\/1116\/revisions\/1118"}],"wp:featuredmedia":[{"embeddable":true,"href":"https:\/\/embajadahaiti.cl\/web\/wp-json\/wp\/v2\/media\/1117"}],"wp:attachment":[{"href":"https:\/\/embajadahaiti.cl\/web\/wp-json\/wp\/v2\/media?parent=1116"}],"wp:term":[{"taxonomy":"category","embeddable":true,"href":"https:\/\/embajadahaiti.cl\/web\/wp-json\/wp\/v2\/categories?post=1116"},{"taxonomy":"post_tag","embeddable":true,"href":"https:\/\/embajadahaiti.cl\/web\/wp-json\/wp\/v2\/tags?post=1116"}],"curies":[{"name":"wp","href":"https:\/\/api.w.org\/{rel}","templated":true}]}}