{"id":1112,"date":"2022-01-19T00:53:35","date_gmt":"2022-01-19T00:53:35","guid":{"rendered":"https:\/\/embajadahaiti.cl\/web\/?p=1112"},"modified":"2022-01-19T00:54:10","modified_gmt":"2022-01-19T00:54:10","slug":"lambassade-dhaiti-au-chili-a-organise-une-messe-a-loccasion-de-la-commemoration-du-tremblement-de-terre-qui-a-frappe-haiti-le-12-janvier-2010","status":"publish","type":"post","link":"https:\/\/embajadahaiti.cl\/web\/lambassade-dhaiti-au-chili-a-organise-une-messe-a-loccasion-de-la-commemoration-du-tremblement-de-terre-qui-a-frappe-haiti-le-12-janvier-2010\/","title":{"rendered":"L&#8217;Ambassade d&#8217;Ha\u00efti au Chili a organis\u00e9 une messe \u00e0 l&#8217;occasion de la comm\u00e9moration du tremblement de terre qui a frapp\u00e9 Ha\u00efti le 12 janvier 2010."},"content":{"rendered":"\n<div class=\"wp-block-columns is-layout-flex wp-container-core-columns-is-layout-9d6595d7 wp-block-columns-is-layout-flex\">\n<div class=\"wp-block-column is-layout-flow wp-block-column-is-layout-flow\">\n<h2 class=\"has-medium-font-size wp-block-heading\">L&#8217;Ambassade d&#8217;Ha\u00efti au Chili a organis\u00e9 une messe \u00e0 l&#8217;occasion de la comm\u00e9moration du tremblement de terre qui a frapp\u00e9 Ha\u00efti le 12 janvier 2010.<br>Le mercredi 12 janvier 2022, une messe a \u00e9t\u00e9 c\u00e9l\u00e9br\u00e9e \u00e0 la Cath\u00e9drale M\u00e9tropolitaine de Santiago par le cardinal Celestino A\u00f3s Braco, chef de l&#8217;\u00c9glise catholique au Chili. Plusieurs autorit\u00e9s chiliennes, le corps diplomatique accr\u00e9dit\u00e9 au Chili, des membres de la communaut\u00e9 ha\u00eftienne et des amis chiliens \u00e9taient sur place pour comm\u00e9morer cette journ\u00e9e.<br>Au cours de cette messe, le Cardinal Celestino A\u00f3s Braco a demand\u00e9 \u00e0 Dieu de secourir le peuple ha\u00eftien qui ne cesse de compter toutes sortes de catastrophes. D&#8217;autre part, le Cardinal a \u00e9galement remerci\u00e9 Dieu pour la force et l&#8217;espoir qu&#8217;il donne au peuple ha\u00eftien qui ne baisse jamais les bras malgr\u00e9 la r\u00e9p\u00e9tition des souffrances de celui-ci.<br>Dans son allocution, l&#8217;Ambassadeur Wedlyne Fran\u00e7ois Pierre a eu une pens\u00e9e particuli\u00e8re pour tous ceux qui ont perdu un ami, une famille lors de la catastrophe. L&#8217;ambassadeur a \u00e9galement d\u00e9clar\u00e9 que le 12 janvier devrait \u00eatre non seulement un jour o\u00f9 le peuple ha\u00eftien se souvient des victimes mais surtout un jour o\u00f9 les ha\u00eftiens se mettent ensemble pour la construction d\u2019une nouvelle soci\u00e9t\u00e9 o\u00f9 les s\u00e9ismes ne feront pas autant de victimes.<\/h2>\n<\/div>\n\n\n\n<div class=\"wp-block-column is-layout-flow wp-block-column-is-layout-flow\">\n<figure class=\"wp-block-image size-large\"><img data-recalc-dims=\"1\" loading=\"lazy\" decoding=\"async\" width=\"1024\" height=\"682\" data-attachment-id=\"1113\" data-permalink=\"https:\/\/embajadahaiti.cl\/web\/lambassade-dhaiti-au-chili-a-organise-une-messe-a-loccasion-de-la-commemoration-du-tremblement-de-terre-qui-a-frappe-haiti-le-12-janvier-2010\/poste-2\/\" data-orig-file=\"https:\/\/i0.wp.com\/embajadahaiti.cl\/web\/wp-content\/uploads\/2022\/01\/poste-2.jpg?fit=2048%2C1364&amp;ssl=1\" data-orig-size=\"2048,1364\" data-comments-opened=\"0\" data-image-meta=\"{&quot;aperture&quot;:&quot;0&quot;,&quot;credit&quot;:&quot;&quot;,&quot;camera&quot;:&quot;&quot;,&quot;caption&quot;:&quot;&quot;,&quot;created_timestamp&quot;:&quot;0&quot;,&quot;copyright&quot;:&quot;&quot;,&quot;focal_length&quot;:&quot;0&quot;,&quot;iso&quot;:&quot;0&quot;,&quot;shutter_speed&quot;:&quot;0&quot;,&quot;title&quot;:&quot;&quot;,&quot;orientation&quot;:&quot;0&quot;}\" data-image-title=\"poste 2\" data-image-description=\"\" data-image-caption=\"\" data-medium-file=\"https:\/\/i0.wp.com\/embajadahaiti.cl\/web\/wp-content\/uploads\/2022\/01\/poste-2.jpg?fit=300%2C200&amp;ssl=1\" data-large-file=\"https:\/\/i0.wp.com\/embajadahaiti.cl\/web\/wp-content\/uploads\/2022\/01\/poste-2.jpg?fit=1024%2C682&amp;ssl=1\" src=\"https:\/\/i0.wp.com\/embajadahaiti.cl\/web\/wp-content\/uploads\/2022\/01\/poste-2.jpg?resize=1024%2C682&#038;ssl=1\" alt=\"\" class=\"wp-image-1113\" srcset=\"https:\/\/i0.wp.com\/embajadahaiti.cl\/web\/wp-content\/uploads\/2022\/01\/poste-2.jpg?resize=1024%2C682&amp;ssl=1 1024w, https:\/\/i0.wp.com\/embajadahaiti.cl\/web\/wp-content\/uploads\/2022\/01\/poste-2.jpg?resize=300%2C200&amp;ssl=1 300w, https:\/\/i0.wp.com\/embajadahaiti.cl\/web\/wp-content\/uploads\/2022\/01\/poste-2.jpg?resize=768%2C512&amp;ssl=1 768w, https:\/\/i0.wp.com\/embajadahaiti.cl\/web\/wp-content\/uploads\/2022\/01\/poste-2.jpg?resize=1536%2C1023&amp;ssl=1 1536w, https:\/\/i0.wp.com\/embajadahaiti.cl\/web\/wp-content\/uploads\/2022\/01\/poste-2.jpg?resize=219%2C146&amp;ssl=1 219w, https:\/\/i0.wp.com\/embajadahaiti.cl\/web\/wp-content\/uploads\/2022\/01\/poste-2.jpg?resize=50%2C33&amp;ssl=1 50w, https:\/\/i0.wp.com\/embajadahaiti.cl\/web\/wp-content\/uploads\/2022\/01\/poste-2.jpg?resize=113%2C75&amp;ssl=1 113w, https:\/\/i0.wp.com\/embajadahaiti.cl\/web\/wp-content\/uploads\/2022\/01\/poste-2.jpg?w=2048&amp;ssl=1 2048w\" sizes=\"auto, (max-width:767px) 480px, (max-width:1024px) 100vw, 1024px\" \/><\/figure>\n<\/div>\n<\/div>\n","protected":false},"excerpt":{"rendered":"<p>L&#8217;Ambassade d&#8217;Ha\u00efti au Chili a organis\u00e9 une messe \u00e0 l&#8217;occasion de la comm\u00e9moration du tremblement de terre qui a frapp\u00e9 Ha\u00efti le 12 janvier 2010.Le mercredi<span class=\"excerpt-hellip\"> [\u2026]<\/span><\/p>\n","protected":false},"author":1,"featured_media":1113,"comment_status":"closed","ping_status":"closed","sticky":false,"template":"","format":"standard","meta":{"_jetpack_memberships_contains_paid_content":false,"footnotes":""},"categories":[91],"tags":[],"class_list":["post-1112","post","type-post","status-publish","format-standard","has-post-thumbnail","hentry","category-haiti"],"jetpack_featured_media_url":"https:\/\/i0.wp.com\/embajadahaiti.cl\/web\/wp-content\/uploads\/2022\/01\/poste-2.jpg?fit=2048%2C1364&ssl=1","jetpack_sharing_enabled":true,"_links":{"self":[{"href":"https:\/\/embajadahaiti.cl\/web\/wp-json\/wp\/v2\/posts\/1112","targetHints":{"allow":["GET"]}}],"collection":[{"href":"https:\/\/embajadahaiti.cl\/web\/wp-json\/wp\/v2\/posts"}],"about":[{"href":"https:\/\/embajadahaiti.cl\/web\/wp-json\/wp\/v2\/types\/post"}],"author":[{"embeddable":true,"href":"https:\/\/embajadahaiti.cl\/web\/wp-json\/wp\/v2\/users\/1"}],"replies":[{"embeddable":true,"href":"https:\/\/embajadahaiti.cl\/web\/wp-json\/wp\/v2\/comments?post=1112"}],"version-history":[{"count":2,"href":"https:\/\/embajadahaiti.cl\/web\/wp-json\/wp\/v2\/posts\/1112\/revisions"}],"predecessor-version":[{"id":1115,"href":"https:\/\/embajadahaiti.cl\/web\/wp-json\/wp\/v2\/posts\/1112\/revisions\/1115"}],"wp:featuredmedia":[{"embeddable":true,"href":"https:\/\/embajadahaiti.cl\/web\/wp-json\/wp\/v2\/media\/1113"}],"wp:attachment":[{"href":"https:\/\/embajadahaiti.cl\/web\/wp-json\/wp\/v2\/media?parent=1112"}],"wp:term":[{"taxonomy":"category","embeddable":true,"href":"https:\/\/embajadahaiti.cl\/web\/wp-json\/wp\/v2\/categories?post=1112"},{"taxonomy":"post_tag","embeddable":true,"href":"https:\/\/embajadahaiti.cl\/web\/wp-json\/wp\/v2\/tags?post=1112"}],"curies":[{"name":"wp","href":"https:\/\/api.w.org\/{rel}","templated":true}]}}