{"id":1026,"date":"2021-11-24T23:25:00","date_gmt":"2021-11-24T23:25:00","guid":{"rendered":"https:\/\/embajadahaiti.cl\/web\/?p=1026"},"modified":"2022-01-18T23:48:00","modified_gmt":"2022-01-18T23:48:00","slug":"lambassade-dhaiti-au-chili-a-rencontre-les-entrepreneurs-haitiens-au-chili","status":"publish","type":"post","link":"https:\/\/embajadahaiti.cl\/web\/lambassade-dhaiti-au-chili-a-rencontre-les-entrepreneurs-haitiens-au-chili\/","title":{"rendered":"L\u00b4Ambassade d\u00b4Ha\u00efti au Chili a rencontr\u00e9 les entrepreneurs ha\u00eftiens au Chili"},"content":{"rendered":"\n<h2 class=\"has-medium-font-size wp-block-heading\">L\u00b4Ambassade d\u00b4Ha\u00efti au Chili a rencontr\u00e9 les entrepreneurs ha\u00eftiens au Chili le 24 novembre 2021. Aux termes de cette rencontre, l\u00b4\u00e9quipe de l\u00b4Ambassade a collect\u00e9 des informations claires et d\u00e9taill\u00e9es sur la r\u00e9alit\u00e9 des entrepreneurs ha\u00eftiens au Chili.<br>D\u00e9sormais, l&#8217;Ambassade dispose une meilleure lecture tant au sujet des opportunit\u00e9s que sur les difficult\u00e9s qui se pr\u00e9sentent aux entrepreneurs haitiens au Chili.<br>Cette rencontre a \u00e9t\u00e9 \u00e9galement une occasion pour que les entrepreneurs \u00e9changent leurs coordonn\u00e9es et effleurer des possibilit\u00e9s de partenariat entre eux.<br>Les entrepreneurs se sont mis d\u00b4accord sur l\u00b4imp\u00e9rieuse n\u00e9cessit\u00e9 de mettre sur pied une chambre de Commerce ha\u00eftiano-chilienne de sorte que les membres de ladite chambre de Commerce puisse trouver l\u00b4encadrement et l\u2019orientation n\u00e9cessaires dans leurs entreprises respectives au Chili.<br>Par ailleurs, Monsieur Jhonson Napoleon, un entrepreneur ha\u00eftien \u00e0 succ\u00e8s en terre \u00e9trang\u00e8re, a gracieusement partag\u00e9 son exp\u00e9rience avec les participants. M. Napoleon encourage les entrepreneurs \u00e0 toujours privil\u00e9gier l\u2019honn\u00eatet\u00e9 dans leurs affaires car, selon lui, c\u00b4est la seule fa\u00e7on de gagner la confiance des partenaires et des clients.<br>Cette rencontre avec les entrepreneurs est le point de d\u00e9part d\u00b4un vaste programme que l\u2019Ambassadeur Wedlyne Fran\u00e7ois Pierre entend d\u00e9ployer en vue de contribuer \u00e0 donner plus de visibilit\u00e9 et plus de cr\u00e9dibilit\u00e9 aux entrepreneurs ha\u00eftiens au Chili.<\/h2>\n\n\n\n<figure class=\"wp-block-gallery columns-2 is-cropped wp-block-gallery-1 is-layout-flex wp-block-gallery-is-layout-flex\"><ul class=\"blocks-gallery-grid\"><li class=\"blocks-gallery-item\"><figure><a href=\"https:\/\/i0.wp.com\/embajadahaiti.cl\/web\/wp-content\/uploads\/2021\/11\/twitter-3.jpg?ssl=1\"><img data-recalc-dims=\"1\" loading=\"lazy\" decoding=\"async\" width=\"800\" height=\"682\" data-attachment-id=\"964\" data-permalink=\"https:\/\/embajadahaiti.cl\/web\/?attachment_id=964\" data-orig-file=\"https:\/\/i0.wp.com\/embajadahaiti.cl\/web\/wp-content\/uploads\/2021\/11\/twitter-3.jpg?fit=800%2C682&amp;ssl=1\" data-orig-size=\"800,682\" data-comments-opened=\"0\" data-image-meta=\"{&quot;aperture&quot;:&quot;0&quot;,&quot;credit&quot;:&quot;&quot;,&quot;camera&quot;:&quot;&quot;,&quot;caption&quot;:&quot;&quot;,&quot;created_timestamp&quot;:&quot;1637767714&quot;,&quot;copyright&quot;:&quot;&quot;,&quot;focal_length&quot;:&quot;0&quot;,&quot;iso&quot;:&quot;0&quot;,&quot;shutter_speed&quot;:&quot;0&quot;,&quot;title&quot;:&quot;&quot;,&quot;orientation&quot;:&quot;0&quot;}\" data-image-title=\"twitter 3\" data-image-description=\"\" data-image-caption=\"\" data-medium-file=\"https:\/\/i0.wp.com\/embajadahaiti.cl\/web\/wp-content\/uploads\/2021\/11\/twitter-3.jpg?fit=300%2C256&amp;ssl=1\" data-large-file=\"https:\/\/i0.wp.com\/embajadahaiti.cl\/web\/wp-content\/uploads\/2021\/11\/twitter-3.jpg?fit=800%2C682&amp;ssl=1\" src=\"https:\/\/i0.wp.com\/embajadahaiti.cl\/web\/wp-content\/uploads\/2021\/11\/twitter-3.jpg?resize=800%2C682&#038;ssl=1\" alt=\"\" data-id=\"964\" data-full-url=\"https:\/\/embajadahaiti.cl\/web\/wp-content\/uploads\/2021\/11\/twitter-3.jpg\" data-link=\"https:\/\/embajadahaiti.cl\/web\/?attachment_id=964\" class=\"wp-image-964\" srcset=\"https:\/\/i0.wp.com\/embajadahaiti.cl\/web\/wp-content\/uploads\/2021\/11\/twitter-3.jpg?w=800&amp;ssl=1 800w, https:\/\/i0.wp.com\/embajadahaiti.cl\/web\/wp-content\/uploads\/2021\/11\/twitter-3.jpg?resize=300%2C256&amp;ssl=1 300w, https:\/\/i0.wp.com\/embajadahaiti.cl\/web\/wp-content\/uploads\/2021\/11\/twitter-3.jpg?resize=768%2C655&amp;ssl=1 768w, https:\/\/i0.wp.com\/embajadahaiti.cl\/web\/wp-content\/uploads\/2021\/11\/twitter-3.jpg?resize=171%2C146&amp;ssl=1 171w, https:\/\/i0.wp.com\/embajadahaiti.cl\/web\/wp-content\/uploads\/2021\/11\/twitter-3.jpg?resize=50%2C43&amp;ssl=1 50w, https:\/\/i0.wp.com\/embajadahaiti.cl\/web\/wp-content\/uploads\/2021\/11\/twitter-3.jpg?resize=88%2C75&amp;ssl=1 88w\" sizes=\"auto, (max-width:767px) 480px, (max-width:800px) 100vw, 800px\" \/><\/a><\/figure><\/li><li class=\"blocks-gallery-item\"><figure><a href=\"https:\/\/i0.wp.com\/embajadahaiti.cl\/web\/wp-content\/uploads\/2021\/11\/twiiter-6.jpg?ssl=1\"><img data-recalc-dims=\"1\" loading=\"lazy\" decoding=\"async\" width=\"800\" height=\"625\" data-attachment-id=\"966\" data-permalink=\"https:\/\/embajadahaiti.cl\/web\/?attachment_id=966\" data-orig-file=\"https:\/\/i0.wp.com\/embajadahaiti.cl\/web\/wp-content\/uploads\/2021\/11\/twiiter-6.jpg?fit=800%2C625&amp;ssl=1\" data-orig-size=\"800,625\" data-comments-opened=\"0\" data-image-meta=\"{&quot;aperture&quot;:&quot;0&quot;,&quot;credit&quot;:&quot;&quot;,&quot;camera&quot;:&quot;&quot;,&quot;caption&quot;:&quot;&quot;,&quot;created_timestamp&quot;:&quot;1637768845&quot;,&quot;copyright&quot;:&quot;&quot;,&quot;focal_length&quot;:&quot;0&quot;,&quot;iso&quot;:&quot;0&quot;,&quot;shutter_speed&quot;:&quot;0&quot;,&quot;title&quot;:&quot;&quot;,&quot;orientation&quot;:&quot;0&quot;}\" data-image-title=\"twiiter 6\" data-image-description=\"\" data-image-caption=\"\" data-medium-file=\"https:\/\/i0.wp.com\/embajadahaiti.cl\/web\/wp-content\/uploads\/2021\/11\/twiiter-6.jpg?fit=300%2C234&amp;ssl=1\" data-large-file=\"https:\/\/i0.wp.com\/embajadahaiti.cl\/web\/wp-content\/uploads\/2021\/11\/twiiter-6.jpg?fit=800%2C625&amp;ssl=1\" src=\"https:\/\/i0.wp.com\/embajadahaiti.cl\/web\/wp-content\/uploads\/2021\/11\/twiiter-6.jpg?resize=800%2C625&#038;ssl=1\" alt=\"\" data-id=\"966\" data-full-url=\"https:\/\/embajadahaiti.cl\/web\/wp-content\/uploads\/2021\/11\/twiiter-6.jpg\" data-link=\"https:\/\/embajadahaiti.cl\/web\/?attachment_id=966\" class=\"wp-image-966\" srcset=\"https:\/\/i0.wp.com\/embajadahaiti.cl\/web\/wp-content\/uploads\/2021\/11\/twiiter-6.jpg?w=800&amp;ssl=1 800w, https:\/\/i0.wp.com\/embajadahaiti.cl\/web\/wp-content\/uploads\/2021\/11\/twiiter-6.jpg?resize=300%2C234&amp;ssl=1 300w, https:\/\/i0.wp.com\/embajadahaiti.cl\/web\/wp-content\/uploads\/2021\/11\/twiiter-6.jpg?resize=768%2C600&amp;ssl=1 768w, https:\/\/i0.wp.com\/embajadahaiti.cl\/web\/wp-content\/uploads\/2021\/11\/twiiter-6.jpg?resize=187%2C146&amp;ssl=1 187w, https:\/\/i0.wp.com\/embajadahaiti.cl\/web\/wp-content\/uploads\/2021\/11\/twiiter-6.jpg?resize=50%2C39&amp;ssl=1 50w, https:\/\/i0.wp.com\/embajadahaiti.cl\/web\/wp-content\/uploads\/2021\/11\/twiiter-6.jpg?resize=96%2C75&amp;ssl=1 96w\" sizes=\"auto, (max-width:767px) 480px, (max-width:800px) 100vw, 800px\" \/><\/a><\/figure><\/li><li class=\"blocks-gallery-item\"><figure><a href=\"https:\/\/i0.wp.com\/embajadahaiti.cl\/web\/wp-content\/uploads\/2021\/11\/twitter-2.jpg?ssl=1\"><img data-recalc-dims=\"1\" loading=\"lazy\" decoding=\"async\" width=\"800\" height=\"533\" data-attachment-id=\"968\" data-permalink=\"https:\/\/embajadahaiti.cl\/web\/?attachment_id=968\" data-orig-file=\"https:\/\/i0.wp.com\/embajadahaiti.cl\/web\/wp-content\/uploads\/2021\/11\/twitter-2.jpg?fit=800%2C533&amp;ssl=1\" data-orig-size=\"800,533\" data-comments-opened=\"0\" data-image-meta=\"{&quot;aperture&quot;:&quot;0&quot;,&quot;credit&quot;:&quot;&quot;,&quot;camera&quot;:&quot;&quot;,&quot;caption&quot;:&quot;&quot;,&quot;created_timestamp&quot;:&quot;1637764807&quot;,&quot;copyright&quot;:&quot;&quot;,&quot;focal_length&quot;:&quot;0&quot;,&quot;iso&quot;:&quot;0&quot;,&quot;shutter_speed&quot;:&quot;0&quot;,&quot;title&quot;:&quot;&quot;,&quot;orientation&quot;:&quot;0&quot;}\" data-image-title=\"twitter 2\" data-image-description=\"\" data-image-caption=\"\" data-medium-file=\"https:\/\/i0.wp.com\/embajadahaiti.cl\/web\/wp-content\/uploads\/2021\/11\/twitter-2.jpg?fit=300%2C200&amp;ssl=1\" data-large-file=\"https:\/\/i0.wp.com\/embajadahaiti.cl\/web\/wp-content\/uploads\/2021\/11\/twitter-2.jpg?fit=800%2C533&amp;ssl=1\" src=\"https:\/\/i0.wp.com\/embajadahaiti.cl\/web\/wp-content\/uploads\/2021\/11\/twitter-2.jpg?resize=800%2C533&#038;ssl=1\" alt=\"\" data-id=\"968\" data-full-url=\"https:\/\/embajadahaiti.cl\/web\/wp-content\/uploads\/2021\/11\/twitter-2.jpg\" data-link=\"https:\/\/embajadahaiti.cl\/web\/?attachment_id=968\" class=\"wp-image-968\" srcset=\"https:\/\/i0.wp.com\/embajadahaiti.cl\/web\/wp-content\/uploads\/2021\/11\/twitter-2.jpg?w=800&amp;ssl=1 800w, https:\/\/i0.wp.com\/embajadahaiti.cl\/web\/wp-content\/uploads\/2021\/11\/twitter-2.jpg?resize=300%2C200&amp;ssl=1 300w, https:\/\/i0.wp.com\/embajadahaiti.cl\/web\/wp-content\/uploads\/2021\/11\/twitter-2.jpg?resize=768%2C512&amp;ssl=1 768w, https:\/\/i0.wp.com\/embajadahaiti.cl\/web\/wp-content\/uploads\/2021\/11\/twitter-2.jpg?resize=219%2C146&amp;ssl=1 219w, https:\/\/i0.wp.com\/embajadahaiti.cl\/web\/wp-content\/uploads\/2021\/11\/twitter-2.jpg?resize=50%2C33&amp;ssl=1 50w, https:\/\/i0.wp.com\/embajadahaiti.cl\/web\/wp-content\/uploads\/2021\/11\/twitter-2.jpg?resize=113%2C75&amp;ssl=1 113w\" sizes=\"auto, (max-width:767px) 480px, (max-width:800px) 100vw, 800px\" \/><\/a><\/figure><\/li><li class=\"blocks-gallery-item\"><figure><a href=\"https:\/\/i0.wp.com\/embajadahaiti.cl\/web\/wp-content\/uploads\/2021\/11\/Patrick-22222.jpg?ssl=1\"><img data-recalc-dims=\"1\" loading=\"lazy\" decoding=\"async\" width=\"800\" height=\"533\" data-attachment-id=\"970\" data-permalink=\"https:\/\/embajadahaiti.cl\/web\/?attachment_id=970\" data-orig-file=\"https:\/\/i0.wp.com\/embajadahaiti.cl\/web\/wp-content\/uploads\/2021\/11\/Patrick-22222.jpg?fit=800%2C533&amp;ssl=1\" data-orig-size=\"800,533\" data-comments-opened=\"0\" data-image-meta=\"{&quot;aperture&quot;:&quot;0&quot;,&quot;credit&quot;:&quot;&quot;,&quot;camera&quot;:&quot;&quot;,&quot;caption&quot;:&quot;&quot;,&quot;created_timestamp&quot;:&quot;1637762457&quot;,&quot;copyright&quot;:&quot;&quot;,&quot;focal_length&quot;:&quot;0&quot;,&quot;iso&quot;:&quot;0&quot;,&quot;shutter_speed&quot;:&quot;0&quot;,&quot;title&quot;:&quot;&quot;,&quot;orientation&quot;:&quot;0&quot;}\" data-image-title=\"Patrick 22222\" data-image-description=\"\" data-image-caption=\"\" data-medium-file=\"https:\/\/i0.wp.com\/embajadahaiti.cl\/web\/wp-content\/uploads\/2021\/11\/Patrick-22222.jpg?fit=300%2C200&amp;ssl=1\" data-large-file=\"https:\/\/i0.wp.com\/embajadahaiti.cl\/web\/wp-content\/uploads\/2021\/11\/Patrick-22222.jpg?fit=800%2C533&amp;ssl=1\" src=\"https:\/\/i0.wp.com\/embajadahaiti.cl\/web\/wp-content\/uploads\/2021\/11\/Patrick-22222.jpg?resize=800%2C533&#038;ssl=1\" alt=\"\" data-id=\"970\" data-full-url=\"https:\/\/embajadahaiti.cl\/web\/wp-content\/uploads\/2021\/11\/Patrick-22222.jpg\" data-link=\"https:\/\/embajadahaiti.cl\/web\/?attachment_id=970\" class=\"wp-image-970\" srcset=\"https:\/\/i0.wp.com\/embajadahaiti.cl\/web\/wp-content\/uploads\/2021\/11\/Patrick-22222.jpg?w=800&amp;ssl=1 800w, https:\/\/i0.wp.com\/embajadahaiti.cl\/web\/wp-content\/uploads\/2021\/11\/Patrick-22222.jpg?resize=300%2C200&amp;ssl=1 300w, https:\/\/i0.wp.com\/embajadahaiti.cl\/web\/wp-content\/uploads\/2021\/11\/Patrick-22222.jpg?resize=768%2C512&amp;ssl=1 768w, https:\/\/i0.wp.com\/embajadahaiti.cl\/web\/wp-content\/uploads\/2021\/11\/Patrick-22222.jpg?resize=219%2C146&amp;ssl=1 219w, https:\/\/i0.wp.com\/embajadahaiti.cl\/web\/wp-content\/uploads\/2021\/11\/Patrick-22222.jpg?resize=50%2C33&amp;ssl=1 50w, https:\/\/i0.wp.com\/embajadahaiti.cl\/web\/wp-content\/uploads\/2021\/11\/Patrick-22222.jpg?resize=113%2C75&amp;ssl=1 113w\" sizes=\"auto, (max-width:767px) 480px, (max-width:800px) 100vw, 800px\" \/><\/a><\/figure><\/li><\/ul><\/figure>\n","protected":false},"excerpt":{"rendered":"<p>L\u00b4Ambassade d\u00b4Ha\u00efti au Chili a rencontr\u00e9 les entrepreneurs ha\u00eftiens au Chili le 24 novembre 2021. Aux termes de cette rencontre, l\u00b4\u00e9quipe de l\u00b4Ambassade a collect\u00e9 des<span class=\"excerpt-hellip\"> [\u2026]<\/span><\/p>\n","protected":false},"author":1,"featured_media":964,"comment_status":"closed","ping_status":"closed","sticky":false,"template":"","format":"standard","meta":{"_jetpack_memberships_contains_paid_content":false,"footnotes":""},"categories":[91],"tags":[],"class_list":["post-1026","post","type-post","status-publish","format-standard","has-post-thumbnail","hentry","category-haiti"],"jetpack_featured_media_url":"https:\/\/i0.wp.com\/embajadahaiti.cl\/web\/wp-content\/uploads\/2021\/11\/twitter-3.jpg?fit=800%2C682&ssl=1","jetpack_sharing_enabled":true,"_links":{"self":[{"href":"https:\/\/embajadahaiti.cl\/web\/wp-json\/wp\/v2\/posts\/1026","targetHints":{"allow":["GET"]}}],"collection":[{"href":"https:\/\/embajadahaiti.cl\/web\/wp-json\/wp\/v2\/posts"}],"about":[{"href":"https:\/\/embajadahaiti.cl\/web\/wp-json\/wp\/v2\/types\/post"}],"author":[{"embeddable":true,"href":"https:\/\/embajadahaiti.cl\/web\/wp-json\/wp\/v2\/users\/1"}],"replies":[{"embeddable":true,"href":"https:\/\/embajadahaiti.cl\/web\/wp-json\/wp\/v2\/comments?post=1026"}],"version-history":[{"count":2,"href":"https:\/\/embajadahaiti.cl\/web\/wp-json\/wp\/v2\/posts\/1026\/revisions"}],"predecessor-version":[{"id":1038,"href":"https:\/\/embajadahaiti.cl\/web\/wp-json\/wp\/v2\/posts\/1026\/revisions\/1038"}],"wp:featuredmedia":[{"embeddable":true,"href":"https:\/\/embajadahaiti.cl\/web\/wp-json\/wp\/v2\/media\/964"}],"wp:attachment":[{"href":"https:\/\/embajadahaiti.cl\/web\/wp-json\/wp\/v2\/media?parent=1026"}],"wp:term":[{"taxonomy":"category","embeddable":true,"href":"https:\/\/embajadahaiti.cl\/web\/wp-json\/wp\/v2\/categories?post=1026"},{"taxonomy":"post_tag","embeddable":true,"href":"https:\/\/embajadahaiti.cl\/web\/wp-json\/wp\/v2\/tags?post=1026"}],"curies":[{"name":"wp","href":"https:\/\/api.w.org\/{rel}","templated":true}]}}