{"id":1016,"date":"2021-11-05T23:05:00","date_gmt":"2021-11-05T23:05:00","guid":{"rendered":"https:\/\/embajadahaiti.cl\/web\/?p=1016"},"modified":"2022-01-18T23:55:11","modified_gmt":"2022-01-18T23:55:11","slug":"anbasad-la-vin-pi-pre-w","status":"publish","type":"post","link":"https:\/\/embajadahaiti.cl\/web\/anbasad-la-vin-pi-pre-w\/","title":{"rendered":"ANBASAD LA VIN PI PRE W"},"content":{"rendered":"\n<div class=\"wp-block-columns is-layout-flex wp-container-core-columns-is-layout-9d6595d7 wp-block-columns-is-layout-flex\">\n<div class=\"wp-block-column is-layout-flow wp-block-column-is-layout-flow\">\n<h2 class=\"has-medium-font-size wp-block-heading\">L\u2019Ambassade d\u2019Ha\u00efti au Chili s\u2019est approch\u00e9e des ha\u00eftiens vivant dans le Sud du Chili. Gr\u00e2ce \u00e0 l\u2019appui de la Mairie de Valdivia et de la Fondation \u00ab lugar de Refugio Adulam \u00bb, plus de 200 compatriotes sont sortis satisfaits du programme \u00ab ANBASAD LA VIN PI PRE W \u00bb les 29 et 30 octobre 2021, \u00e0 Valdivia.<br>L\u2019Ambassade remercie tous ceux et celles qui ont contribu\u00e9, d\u2019une mani\u00e8re ou d\u2019une autre, \u00e0 la r\u00e9ussite de ces deux journ\u00e9es de consulat mobile.<br>La Mission reste mobilis\u00e9e en vue de d\u00e9ployer incessamment son \u00e9quipe dans une autre ville du Chili pour \u00eatre toujours plus pr\u00e8s de la communaut\u00e9.<\/h2>\n<\/div>\n\n\n\n<div class=\"wp-block-column is-layout-flow wp-block-column-is-layout-flow\">\n<figure class=\"wp-block-gallery columns-2 is-cropped wp-block-gallery-1 is-layout-flex wp-block-gallery-is-layout-flex\"><ul class=\"blocks-gallery-grid\"><li class=\"blocks-gallery-item\"><figure><a href=\"https:\/\/i0.wp.com\/embajadahaiti.cl\/web\/wp-content\/uploads\/2022\/01\/valdivia-3-720x860-1.jpeg?ssl=1\"><img data-recalc-dims=\"1\" loading=\"lazy\" decoding=\"async\" width=\"720\" height=\"860\" data-attachment-id=\"1017\" data-permalink=\"https:\/\/embajadahaiti.cl\/web\/anbasad-la-vin-pi-pre-w\/valdivia-3-720x860\/\" data-orig-file=\"https:\/\/i0.wp.com\/embajadahaiti.cl\/web\/wp-content\/uploads\/2022\/01\/valdivia-3-720x860-1.jpeg?fit=720%2C860&amp;ssl=1\" data-orig-size=\"720,860\" data-comments-opened=\"0\" data-image-meta=\"{&quot;aperture&quot;:&quot;0&quot;,&quot;credit&quot;:&quot;&quot;,&quot;camera&quot;:&quot;&quot;,&quot;caption&quot;:&quot;&quot;,&quot;created_timestamp&quot;:&quot;0&quot;,&quot;copyright&quot;:&quot;&quot;,&quot;focal_length&quot;:&quot;0&quot;,&quot;iso&quot;:&quot;0&quot;,&quot;shutter_speed&quot;:&quot;0&quot;,&quot;title&quot;:&quot;&quot;,&quot;orientation&quot;:&quot;0&quot;}\" data-image-title=\"valdivia-3-720&amp;#215;860\" data-image-description=\"\" data-image-caption=\"\" data-medium-file=\"https:\/\/i0.wp.com\/embajadahaiti.cl\/web\/wp-content\/uploads\/2022\/01\/valdivia-3-720x860-1.jpeg?fit=251%2C300&amp;ssl=1\" data-large-file=\"https:\/\/i0.wp.com\/embajadahaiti.cl\/web\/wp-content\/uploads\/2022\/01\/valdivia-3-720x860-1.jpeg?fit=720%2C860&amp;ssl=1\" src=\"https:\/\/i0.wp.com\/embajadahaiti.cl\/web\/wp-content\/uploads\/2022\/01\/valdivia-3-720x860-1.jpeg?resize=720%2C860&#038;ssl=1\" alt=\"\" data-id=\"1017\" data-full-url=\"https:\/\/embajadahaiti.cl\/web\/wp-content\/uploads\/2022\/01\/valdivia-3-720x860-1.jpeg\" data-link=\"https:\/\/embajadahaiti.cl\/web\/?attachment_id=1017\" class=\"wp-image-1017\" srcset=\"https:\/\/i0.wp.com\/embajadahaiti.cl\/web\/wp-content\/uploads\/2022\/01\/valdivia-3-720x860-1.jpeg?w=720&amp;ssl=1 720w, https:\/\/i0.wp.com\/embajadahaiti.cl\/web\/wp-content\/uploads\/2022\/01\/valdivia-3-720x860-1.jpeg?resize=251%2C300&amp;ssl=1 251w, https:\/\/i0.wp.com\/embajadahaiti.cl\/web\/wp-content\/uploads\/2022\/01\/valdivia-3-720x860-1.jpeg?resize=122%2C146&amp;ssl=1 122w, https:\/\/i0.wp.com\/embajadahaiti.cl\/web\/wp-content\/uploads\/2022\/01\/valdivia-3-720x860-1.jpeg?resize=42%2C50&amp;ssl=1 42w, https:\/\/i0.wp.com\/embajadahaiti.cl\/web\/wp-content\/uploads\/2022\/01\/valdivia-3-720x860-1.jpeg?resize=63%2C75&amp;ssl=1 63w\" sizes=\"auto, (max-width:767px) 480px, 720px\" \/><\/a><\/figure><\/li><li class=\"blocks-gallery-item\"><figure><a href=\"https:\/\/i0.wp.com\/embajadahaiti.cl\/web\/wp-content\/uploads\/2021\/11\/valdivia-2.jpg?ssl=1\"><img data-recalc-dims=\"1\" loading=\"lazy\" decoding=\"async\" width=\"960\" height=\"720\" data-attachment-id=\"894\" data-permalink=\"https:\/\/embajadahaiti.cl\/web\/?attachment_id=894\" data-orig-file=\"https:\/\/i0.wp.com\/embajadahaiti.cl\/web\/wp-content\/uploads\/2021\/11\/valdivia-2.jpg?fit=960%2C720&amp;ssl=1\" data-orig-size=\"960,720\" data-comments-opened=\"0\" data-image-meta=\"{&quot;aperture&quot;:&quot;0&quot;,&quot;credit&quot;:&quot;&quot;,&quot;camera&quot;:&quot;&quot;,&quot;caption&quot;:&quot;&quot;,&quot;created_timestamp&quot;:&quot;0&quot;,&quot;copyright&quot;:&quot;&quot;,&quot;focal_length&quot;:&quot;0&quot;,&quot;iso&quot;:&quot;0&quot;,&quot;shutter_speed&quot;:&quot;0&quot;,&quot;title&quot;:&quot;&quot;,&quot;orientation&quot;:&quot;0&quot;}\" data-image-title=\"valdivia 2\" data-image-description=\"\" data-image-caption=\"\" data-medium-file=\"https:\/\/i0.wp.com\/embajadahaiti.cl\/web\/wp-content\/uploads\/2021\/11\/valdivia-2.jpg?fit=300%2C225&amp;ssl=1\" data-large-file=\"https:\/\/i0.wp.com\/embajadahaiti.cl\/web\/wp-content\/uploads\/2021\/11\/valdivia-2.jpg?fit=960%2C720&amp;ssl=1\" src=\"https:\/\/i0.wp.com\/embajadahaiti.cl\/web\/wp-content\/uploads\/2021\/11\/valdivia-2.jpg?resize=960%2C720&#038;ssl=1\" alt=\"\" data-id=\"894\" data-full-url=\"https:\/\/embajadahaiti.cl\/web\/wp-content\/uploads\/2021\/11\/valdivia-2.jpg\" data-link=\"https:\/\/embajadahaiti.cl\/web\/?attachment_id=894\" class=\"wp-image-894\" srcset=\"https:\/\/i0.wp.com\/embajadahaiti.cl\/web\/wp-content\/uploads\/2021\/11\/valdivia-2.jpg?w=960&amp;ssl=1 960w, https:\/\/i0.wp.com\/embajadahaiti.cl\/web\/wp-content\/uploads\/2021\/11\/valdivia-2.jpg?resize=300%2C225&amp;ssl=1 300w, https:\/\/i0.wp.com\/embajadahaiti.cl\/web\/wp-content\/uploads\/2021\/11\/valdivia-2.jpg?resize=768%2C576&amp;ssl=1 768w, https:\/\/i0.wp.com\/embajadahaiti.cl\/web\/wp-content\/uploads\/2021\/11\/valdivia-2.jpg?resize=195%2C146&amp;ssl=1 195w, https:\/\/i0.wp.com\/embajadahaiti.cl\/web\/wp-content\/uploads\/2021\/11\/valdivia-2.jpg?resize=50%2C38&amp;ssl=1 50w, https:\/\/i0.wp.com\/embajadahaiti.cl\/web\/wp-content\/uploads\/2021\/11\/valdivia-2.jpg?resize=100%2C75&amp;ssl=1 100w\" sizes=\"auto, (max-width:767px) 480px, (max-width:960px) 100vw, 960px\" \/><\/a><\/figure><\/li><li class=\"blocks-gallery-item\"><figure><a href=\"https:\/\/i0.wp.com\/embajadahaiti.cl\/web\/wp-content\/uploads\/2021\/11\/valdivia-1.jpg?ssl=1\"><img data-recalc-dims=\"1\" loading=\"lazy\" decoding=\"async\" width=\"1024\" height=\"974\" data-attachment-id=\"890\" data-permalink=\"https:\/\/embajadahaiti.cl\/web\/?attachment_id=890\" data-orig-file=\"https:\/\/i0.wp.com\/embajadahaiti.cl\/web\/wp-content\/uploads\/2021\/11\/valdivia-1.jpg?fit=1284%2C1221&amp;ssl=1\" data-orig-size=\"1284,1221\" data-comments-opened=\"0\" data-image-meta=\"{&quot;aperture&quot;:&quot;0&quot;,&quot;credit&quot;:&quot;&quot;,&quot;camera&quot;:&quot;&quot;,&quot;caption&quot;:&quot;&quot;,&quot;created_timestamp&quot;:&quot;0&quot;,&quot;copyright&quot;:&quot;&quot;,&quot;focal_length&quot;:&quot;0&quot;,&quot;iso&quot;:&quot;0&quot;,&quot;shutter_speed&quot;:&quot;0&quot;,&quot;title&quot;:&quot;&quot;,&quot;orientation&quot;:&quot;0&quot;}\" data-image-title=\"valdivia 1\" data-image-description=\"\" data-image-caption=\"\" data-medium-file=\"https:\/\/i0.wp.com\/embajadahaiti.cl\/web\/wp-content\/uploads\/2021\/11\/valdivia-1.jpg?fit=300%2C285&amp;ssl=1\" data-large-file=\"https:\/\/i0.wp.com\/embajadahaiti.cl\/web\/wp-content\/uploads\/2021\/11\/valdivia-1.jpg?fit=1024%2C974&amp;ssl=1\" src=\"https:\/\/i0.wp.com\/embajadahaiti.cl\/web\/wp-content\/uploads\/2021\/11\/valdivia-1.jpg?resize=1024%2C974&#038;ssl=1\" alt=\"\" data-id=\"890\" data-full-url=\"https:\/\/embajadahaiti.cl\/web\/wp-content\/uploads\/2021\/11\/valdivia-1.jpg\" data-link=\"https:\/\/embajadahaiti.cl\/web\/?attachment_id=890\" class=\"wp-image-890\" srcset=\"https:\/\/i0.wp.com\/embajadahaiti.cl\/web\/wp-content\/uploads\/2021\/11\/valdivia-1.jpg?resize=1024%2C974&amp;ssl=1 1024w, https:\/\/i0.wp.com\/embajadahaiti.cl\/web\/wp-content\/uploads\/2021\/11\/valdivia-1.jpg?resize=300%2C285&amp;ssl=1 300w, https:\/\/i0.wp.com\/embajadahaiti.cl\/web\/wp-content\/uploads\/2021\/11\/valdivia-1.jpg?resize=768%2C730&amp;ssl=1 768w, https:\/\/i0.wp.com\/embajadahaiti.cl\/web\/wp-content\/uploads\/2021\/11\/valdivia-1.jpg?resize=154%2C146&amp;ssl=1 154w, https:\/\/i0.wp.com\/embajadahaiti.cl\/web\/wp-content\/uploads\/2021\/11\/valdivia-1.jpg?resize=50%2C48&amp;ssl=1 50w, https:\/\/i0.wp.com\/embajadahaiti.cl\/web\/wp-content\/uploads\/2021\/11\/valdivia-1.jpg?resize=79%2C75&amp;ssl=1 79w, https:\/\/i0.wp.com\/embajadahaiti.cl\/web\/wp-content\/uploads\/2021\/11\/valdivia-1.jpg?w=1284&amp;ssl=1 1284w\" sizes=\"auto, (max-width:767px) 480px, (max-width:1024px) 100vw, 1024px\" \/><\/a><\/figure><\/li><\/ul><\/figure>\n<\/div>\n<\/div>\n","protected":false},"excerpt":{"rendered":"<p>L\u2019Ambassade d\u2019Ha\u00efti au Chili s\u2019est approch\u00e9e des ha\u00eftiens vivant dans le Sud du Chili. Gr\u00e2ce \u00e0 l\u2019appui de la Mairie de Valdivia et de la Fondation<span class=\"excerpt-hellip\"> [\u2026]<\/span><\/p>\n","protected":false},"author":1,"featured_media":1017,"comment_status":"closed","ping_status":"closed","sticky":false,"template":"","format":"standard","meta":{"_jetpack_memberships_contains_paid_content":false,"footnotes":""},"categories":[91],"tags":[],"class_list":["post-1016","post","type-post","status-publish","format-standard","has-post-thumbnail","hentry","category-haiti"],"jetpack_featured_media_url":"https:\/\/i0.wp.com\/embajadahaiti.cl\/web\/wp-content\/uploads\/2022\/01\/valdivia-3-720x860-1.jpeg?fit=720%2C860&ssl=1","jetpack_sharing_enabled":true,"_links":{"self":[{"href":"https:\/\/embajadahaiti.cl\/web\/wp-json\/wp\/v2\/posts\/1016","targetHints":{"allow":["GET"]}}],"collection":[{"href":"https:\/\/embajadahaiti.cl\/web\/wp-json\/wp\/v2\/posts"}],"about":[{"href":"https:\/\/embajadahaiti.cl\/web\/wp-json\/wp\/v2\/types\/post"}],"author":[{"embeddable":true,"href":"https:\/\/embajadahaiti.cl\/web\/wp-json\/wp\/v2\/users\/1"}],"replies":[{"embeddable":true,"href":"https:\/\/embajadahaiti.cl\/web\/wp-json\/wp\/v2\/comments?post=1016"}],"version-history":[{"count":2,"href":"https:\/\/embajadahaiti.cl\/web\/wp-json\/wp\/v2\/posts\/1016\/revisions"}],"predecessor-version":[{"id":1047,"href":"https:\/\/embajadahaiti.cl\/web\/wp-json\/wp\/v2\/posts\/1016\/revisions\/1047"}],"wp:featuredmedia":[{"embeddable":true,"href":"https:\/\/embajadahaiti.cl\/web\/wp-json\/wp\/v2\/media\/1017"}],"wp:attachment":[{"href":"https:\/\/embajadahaiti.cl\/web\/wp-json\/wp\/v2\/media?parent=1016"}],"wp:term":[{"taxonomy":"category","embeddable":true,"href":"https:\/\/embajadahaiti.cl\/web\/wp-json\/wp\/v2\/categories?post=1016"},{"taxonomy":"post_tag","embeddable":true,"href":"https:\/\/embajadahaiti.cl\/web\/wp-json\/wp\/v2\/tags?post=1016"}],"curies":[{"name":"wp","href":"https:\/\/api.w.org\/{rel}","templated":true}]}}